{"id":9748,"date":"2020-10-19T10:29:20","date_gmt":"2020-10-19T09:29:20","guid":{"rendered":"http:\/\/www.pgd-rakek.si\/?p=9748"},"modified":"2020-12-31T16:18:04","modified_gmt":"2020-12-31T15:18:04","slug":"9748","status":"publish","type":"post","link":"https:\/\/www.pgd-rakek.si\/?p=9748","title":{"rendered":"Omejitev vstopa"},"content":{"rendered":"\n<p style=\"text-align: center;\"><span style=\"color: #ff0000;\"><strong><br \/><\/strong><\/span><span style=\"color: #ff0000;\"><strong>OMEJITEV VSTOPA V GASILSKI DOM PGD RAKEK<\/strong><\/span><\/p>\n<p>Zaradi razglasitve epidemije na podlagi Zakona o nalezljivih boleznih ter omejitve \u0161irjenja koronavirusa SARS-CoV-2 (COVID-19) iz preventivnih razlogov <strong>ODREJAVA OMEJITEV VSTOPA<\/strong> v gasilski dom.<\/p>\n<p>Do preklica so odpovedana vsa dru\u017eenja v gasilskem domu.<\/p>\n<p>V \u010dasu te interne odredbe je v gasilskem domu PREPOVEDANO zadr\u017eevanje ve\u010dje skupine oseb. Zadr\u017eevanje je dovoljeno le v primeru intervencij ter nujnih vzdr\u017eevalnih del. V gasilski dom vstopajo le popolnoma zdrave osebe, pri tem se upo\u0161teva vse ukrepe in navodila NIJZ o za\u0161\u010diti pred oku\u017ebo (higiena, distanca, maske, prezra\u010devanje, dekontaminacija\u2026 itd).<\/p>\n<ul>\n<li><strong>OPERATIVNA ENOTA BO V PRIMERU INTERVENCIJE NORMALNO AKTIVIRANA TER \u0160E NAPREJ SKRBELA ZA VARNOST KRAJANOV IN KRAJANK!<\/strong><\/li>\n<li>Dovoljuje se vse aktivnosti, ki so povezane z rednim delovanjem operativne enote. Pri tem se upo\u0161teva vse ukrepe NIJZ in interno sprejeta navodila za delovanje enote v \u010dasu COVID-19 (operativa prejela po elektronski po\u0161ti dne: 13. in 14. marec 2020).<\/li>\n<\/ul>\n<p>Osebam, ki ka\u017eejo znake prehlada, so bili v zadnjem \u010dasu na obmo\u010djih s potrjenim primerom oku\u017ebe ali so bili v stiku z osebo, ki ka\u017ee znake oziroma ima potrjeno oku\u017ebo , je vstop STROGO PREPOVEDAN.<br \/><br \/><\/p>\n<p style=\"text-align: right;\">Poveljnik PGD Rakek: Modic Miha, G\u010c I.st.<br \/>Predsednik PGD Rakek: Drole Klemen, G\u010c I.st.<\/p>\n","protected":false},"excerpt":{"rendered":"<p>OMEJITEV VSTOPA V GASILSKI DOM PGD RAKEK Zaradi razglasitve epidemije na podlagi Zakona o nalezljivih boleznih ter omejitve \u0161irjenja koronavirusa SARS-CoV-2 (COVID-19) iz preventivnih razlogov ODREJAVA OMEJITEV VSTOPA v gasilski dom. Do preklica so odpovedana vsa dru\u017eenja v gasilskem domu. V \u010dasu te interne odredbe je v gasilskem domu PREPOVEDANO zadr\u017eevanje ve\u010dje skupine oseb. Zadr\u017eevanje [&hellip;]<\/p>\n","protected":false},"author":3,"featured_media":0,"comment_status":"closed","ping_status":"closed","sticky":false,"template":"","format":"standard","meta":{"footnotes":""},"categories":[76],"tags":[],"class_list":["post-9748","post","type-post","status-publish","format-standard","hentry","category-opozorila"],"_links":{"self":[{"href":"https:\/\/www.pgd-rakek.si\/index.php?rest_route=\/wp\/v2\/posts\/9748","targetHints":{"allow":["GET"]}}],"collection":[{"href":"https:\/\/www.pgd-rakek.si\/index.php?rest_route=\/wp\/v2\/posts"}],"about":[{"href":"https:\/\/www.pgd-rakek.si\/index.php?rest_route=\/wp\/v2\/types\/post"}],"author":[{"embeddable":true,"href":"https:\/\/www.pgd-rakek.si\/index.php?rest_route=\/wp\/v2\/users\/3"}],"replies":[{"embeddable":true,"href":"https:\/\/www.pgd-rakek.si\/index.php?rest_route=%2Fwp%2Fv2%2Fcomments&post=9748"}],"version-history":[{"count":10,"href":"https:\/\/www.pgd-rakek.si\/index.php?rest_route=\/wp\/v2\/posts\/9748\/revisions"}],"predecessor-version":[{"id":10379,"href":"https:\/\/www.pgd-rakek.si\/index.php?rest_route=\/wp\/v2\/posts\/9748\/revisions\/10379"}],"wp:attachment":[{"href":"https:\/\/www.pgd-rakek.si\/index.php?rest_route=%2Fwp%2Fv2%2Fmedia&parent=9748"}],"wp:term":[{"taxonomy":"category","embeddable":true,"href":"https:\/\/www.pgd-rakek.si\/index.php?rest_route=%2Fwp%2Fv2%2Fcategories&post=9748"},{"taxonomy":"post_tag","embeddable":true,"href":"https:\/\/www.pgd-rakek.si\/index.php?rest_route=%2Fwp%2Fv2%2Ftags&post=9748"}],"curies":[{"name":"wp","href":"https:\/\/api.w.org\/{rel}","templated":true}]}}