{"id":9693,"date":"2020-10-09T08:17:32","date_gmt":"2020-10-09T07:17:32","guid":{"rendered":"http:\/\/www.pgd-rakek.si\/?p=9693"},"modified":"2020-10-09T08:34:17","modified_gmt":"2020-10-09T07:34:17","slug":"srecanje-mladine-5","status":"publish","type":"post","link":"https:\/\/www.pgd-rakek.si\/?p=9693","title":{"rendered":"Sre\u010danje mladine"},"content":{"rendered":"\n<div class=\"gs\">\n<div class=\"\">\n<div id=\":16f\" class=\"ii gt adO\">\n<div id=\":16e\" class=\"a3s aXjCH \">\n<div dir=\"ltr\">\n<div class=\"gmail_default\">\n<div dir=\"auto\" style=\"text-align: justify;\">Leto\u0161nje \u0161olsko leto skupino mladincev (otrok starih med 12 in 16 let) obiskuje 15 otrok. Skupino smo mentorji zaradi la\u017eje izvedbe in tudi priporo\u010dil NIJZ razdelili v dve manj\u0161i &#8211; v eni je 7 otrok 5., 6. in 7. razreda, v drugi pa 8 otrok 8., 9. razreda O\u0160 in S\u0160. \u010ceprav zadnje tedne nismo objavljali \u010dlankov na internetni strani PGD-ja, smo bili vseeno aktivni.<\/div>\n<div dir=\"auto\">\u00a0<\/div>\n<div dir=\"auto\" style=\"text-align: justify;\">V sredo, 23.09., so mlaj\u0161i mladinci spoznavali in poimenovali orodja, ki jih uporabljajo na tekmovanjih za mladince. Starej\u0161i mladinci pa so ponovili znanje o dru\u0161tveni cisterni &#8211; GVC 16\/25.<\/div>\n<div dir=\"auto\">\u00a0<\/div>\n<div dir=\"auto\" style=\"text-align: justify;\">V sredo, 30.09., smo imeli kratek skupen uvod, kjer so spoznali oznake gasilskih vozil, ki jih imamo v GZ Cerknica in zakaj morajo biti vozila tipizirana. Starej\u0161i mladinci so nato po tipizacijskem programu pregledali obe na\u0161i vozili. Mlaj\u0161i mladinci pa so skozi igro &#8220;Spomin&#8221; utrdili znanje o tekmovalnih orodjih (znanje s prej\u0161njega tedna) in oznakah. Mimogrede, starej\u0161i mladinci so ugotovili, da imamo &#8220;ful ve\u010d opreme&#8221;, kakor je minimalno potrebno.\u00a0 \ud83d\ude42<\/div>\n<div dir=\"auto\">\u00a0<\/div>\n<div dir=\"auto\" style=\"text-align: justify;\">Sreda, 07.10. je bila posve\u010dena mesecu po\u017earne varnosti. Mentorici sva pripravili dve dejavnosti. Pri prvi dejavnosti so otroci virtualno hi\u0161ko na strani Uprave za za\u0161\u010dito in re\u0161evanje pripravili za odhod na dopust. Pri drugi dejavnosti pa se je skupina zapeljala v industrijsko cono in opravila razli\u010dne naloge s podporo GVC 16\/25. Zahtevnost obeh dejavnosti pa se je seveda prilagodila posamezni skupini in njihovemu sta\u017eu v gasilstvu.<\/div>\n<div dir=\"auto\" style=\"text-align: justify;\">\u00a0<\/div>\n<\/div>\n<\/div>\n<div class=\"gmail_quote\">\n<div class=\"gmail_attr\" dir=\"ltr\">\n<div class=\"yj6qo ajU\">\n<div id=\":16u\" class=\"ajR\" role=\"button\" data-tooltip=\"Prikaz dela vsebine\" aria-label=\"Prikaz dela vsebine\"><img decoding=\"async\" class=\"ajT alignleft\" src=\"https:\/\/ssl.gstatic.com\/ui\/v1\/icons\/mail\/images\/cleardot.gif\" \/><\/div>\n<\/div>\n<\/div>\n<\/div>\n<\/div>\n<\/div>\n<div class=\"hi\" style=\"text-align: justify;\"><a href=\"http:\/\/www.pgd-rakek.si\/wp-content\/uploads\/2020\/10\/Mladina-v-akciji-scaled.jpg\"><img loading=\"lazy\" decoding=\"async\" class=\"aligncenter wp-image-9694 size-medium\" src=\"http:\/\/www.pgd-rakek.si\/wp-content\/uploads\/2020\/10\/Mladina-v-akciji-300x225.jpg\" alt=\"\" width=\"300\" height=\"225\" srcset=\"https:\/\/www.pgd-rakek.si\/wp-content\/uploads\/2020\/10\/Mladina-v-akciji-300x225.jpg 300w, https:\/\/www.pgd-rakek.si\/wp-content\/uploads\/2020\/10\/Mladina-v-akciji-1024x768.jpg 1024w, https:\/\/www.pgd-rakek.si\/wp-content\/uploads\/2020\/10\/Mladina-v-akciji-768x576.jpg 768w, https:\/\/www.pgd-rakek.si\/wp-content\/uploads\/2020\/10\/Mladina-v-akciji-1536x1152.jpg 1536w, https:\/\/www.pgd-rakek.si\/wp-content\/uploads\/2020\/10\/Mladina-v-akciji-2048x1536.jpg 2048w, https:\/\/www.pgd-rakek.si\/wp-content\/uploads\/2020\/10\/Mladina-v-akciji-250x188.jpg 250w, https:\/\/www.pgd-rakek.si\/wp-content\/uploads\/2020\/10\/Mladina-v-akciji-160x120.jpg 160w\" sizes=\"auto, (max-width: 300px) 100vw, 300px\" \/><\/a><\/div>\n<div>\u00a0<\/div>\n<\/div>\n<\/div>\n","protected":false},"excerpt":{"rendered":"<p>Leto\u0161nje \u0161olsko leto skupino mladincev (otrok starih med 12 in 16 let) obiskuje 15 otrok. Skupino smo mentorji zaradi la\u017eje izvedbe in tudi priporo\u010dil NIJZ razdelili v dve manj\u0161i &#8211; v eni je 7 otrok 5., 6. in 7. razreda, v drugi pa 8 otrok 8., 9. razreda O\u0160 in S\u0160. \u010ceprav zadnje tedne nismo [&hellip;]<\/p>\n","protected":false},"author":15,"featured_media":0,"comment_status":"closed","ping_status":"closed","sticky":false,"template":"","format":"standard","meta":{"footnotes":""},"categories":[25,64],"tags":[],"class_list":["post-9693","post","type-post","status-publish","format-standard","hentry","category-mladina","category-mladina-2020"],"_links":{"self":[{"href":"https:\/\/www.pgd-rakek.si\/index.php?rest_route=\/wp\/v2\/posts\/9693","targetHints":{"allow":["GET"]}}],"collection":[{"href":"https:\/\/www.pgd-rakek.si\/index.php?rest_route=\/wp\/v2\/posts"}],"about":[{"href":"https:\/\/www.pgd-rakek.si\/index.php?rest_route=\/wp\/v2\/types\/post"}],"author":[{"embeddable":true,"href":"https:\/\/www.pgd-rakek.si\/index.php?rest_route=\/wp\/v2\/users\/15"}],"replies":[{"embeddable":true,"href":"https:\/\/www.pgd-rakek.si\/index.php?rest_route=%2Fwp%2Fv2%2Fcomments&post=9693"}],"version-history":[{"count":2,"href":"https:\/\/www.pgd-rakek.si\/index.php?rest_route=\/wp\/v2\/posts\/9693\/revisions"}],"predecessor-version":[{"id":9701,"href":"https:\/\/www.pgd-rakek.si\/index.php?rest_route=\/wp\/v2\/posts\/9693\/revisions\/9701"}],"wp:attachment":[{"href":"https:\/\/www.pgd-rakek.si\/index.php?rest_route=%2Fwp%2Fv2%2Fmedia&parent=9693"}],"wp:term":[{"taxonomy":"category","embeddable":true,"href":"https:\/\/www.pgd-rakek.si\/index.php?rest_route=%2Fwp%2Fv2%2Fcategories&post=9693"},{"taxonomy":"post_tag","embeddable":true,"href":"https:\/\/www.pgd-rakek.si\/index.php?rest_route=%2Fwp%2Fv2%2Ftags&post=9693"}],"curies":[{"name":"wp","href":"https:\/\/api.w.org\/{rel}","templated":true}]}}