{"id":9647,"date":"2020-09-12T21:00:00","date_gmt":"2020-09-12T20:00:00","guid":{"rendered":"http:\/\/www.pgd-rakek.si\/?p=9647"},"modified":"2020-10-09T08:33:50","modified_gmt":"2020-10-09T07:33:50","slug":"tecaj-za-instruktorja-12-9-2020","status":"publish","type":"post","link":"https:\/\/www.pgd-rakek.si\/?p=9647","title":{"rendered":"Te\u010daj za in\u0161truktorja"},"content":{"rendered":"\n<p style=\"text-align: justify;\">Danes se je ekipi in\u0161truktorjev PGD Rakek z uspe\u0161no zaklju\u010denim te\u010dajem pridru\u017eil \u0161e en \u010dlan. Te\u010daj za in\u0161truktorja se je izvajal v treh zaporednih dneh od 10. do 12. septembra na ICZR Ig. Specialnost in\u0161truktor je namenjena gasilcem, ki pou\u010dujejo oziroma izvajajo prakti\u010dna usposabljanja v gasilski organizaciji. Na te\u010daju se te\u010dajnik u\u010di o metodah prakti\u010dnega pou\u010devanja, psiholo\u0161kih osnovah u\u010denja in pripravi prakti\u010dnih usposabljanj. Tekom usposabljanja opravi tudi dva prakti\u010dna nastopa, kjer predstavi drugim te\u010dajnikom dolo\u010deno temo \u2013 vse to pred kamero, posnetek pa je namenjen kasnej\u0161i analizi nastopa. Te\u010daj je vodil izku\u0161en pedagog, prof. Ivan Mirt in in\u0161truktorji gasilske \u0161ole na Igu. (S. Trebec)<\/p>\n<p><a href=\"http:\/\/www.pgd-rakek.si\/wp-content\/uploads\/2020\/09\/in\u0161truktorji.jpg\"><img loading=\"lazy\" decoding=\"async\" class=\"size-medium wp-image-9648 aligncenter\" src=\"http:\/\/www.pgd-rakek.si\/wp-content\/uploads\/2020\/09\/in\u0161truktorji-300x138.jpg\" alt=\"\" width=\"300\" height=\"138\" srcset=\"https:\/\/www.pgd-rakek.si\/wp-content\/uploads\/2020\/09\/in\u0161truktorji-300x138.jpg 300w, https:\/\/www.pgd-rakek.si\/wp-content\/uploads\/2020\/09\/in\u0161truktorji-1024x471.jpg 1024w, https:\/\/www.pgd-rakek.si\/wp-content\/uploads\/2020\/09\/in\u0161truktorji-768x354.jpg 768w, https:\/\/www.pgd-rakek.si\/wp-content\/uploads\/2020\/09\/in\u0161truktorji-1536x707.jpg 1536w, https:\/\/www.pgd-rakek.si\/wp-content\/uploads\/2020\/09\/in\u0161truktorji-250x115.jpg 250w, https:\/\/www.pgd-rakek.si\/wp-content\/uploads\/2020\/09\/in\u0161truktorji.jpg 2016w\" sizes=\"auto, (max-width: 300px) 100vw, 300px\" \/><\/a><\/p>\n","protected":false},"excerpt":{"rendered":"<p>Danes se je ekipi in\u0161truktorjev PGD Rakek z uspe\u0161no zaklju\u010denim te\u010dajem pridru\u017eil \u0161e en \u010dlan. Te\u010daj za in\u0161truktorja se je izvajal v treh zaporednih dneh od 10. do 12. septembra na ICZR Ig. Specialnost in\u0161truktor je namenjena gasilcem, ki pou\u010dujejo oziroma izvajajo prakti\u010dna usposabljanja v gasilski organizaciji. Na te\u010daju se te\u010dajnik u\u010di o metodah prakti\u010dnega [&hellip;]<\/p>\n","protected":false},"author":6,"featured_media":0,"comment_status":"closed","ping_status":"closed","sticky":false,"template":"","format":"standard","meta":{"footnotes":""},"categories":[8,67],"tags":[],"class_list":["post-9647","post","type-post","status-publish","format-standard","hentry","category-usposabljanja","category-usposabljanja-2020"],"_links":{"self":[{"href":"https:\/\/www.pgd-rakek.si\/index.php?rest_route=\/wp\/v2\/posts\/9647","targetHints":{"allow":["GET"]}}],"collection":[{"href":"https:\/\/www.pgd-rakek.si\/index.php?rest_route=\/wp\/v2\/posts"}],"about":[{"href":"https:\/\/www.pgd-rakek.si\/index.php?rest_route=\/wp\/v2\/types\/post"}],"author":[{"embeddable":true,"href":"https:\/\/www.pgd-rakek.si\/index.php?rest_route=\/wp\/v2\/users\/6"}],"replies":[{"embeddable":true,"href":"https:\/\/www.pgd-rakek.si\/index.php?rest_route=%2Fwp%2Fv2%2Fcomments&post=9647"}],"version-history":[{"count":2,"href":"https:\/\/www.pgd-rakek.si\/index.php?rest_route=\/wp\/v2\/posts\/9647\/revisions"}],"predecessor-version":[{"id":9706,"href":"https:\/\/www.pgd-rakek.si\/index.php?rest_route=\/wp\/v2\/posts\/9647\/revisions\/9706"}],"wp:attachment":[{"href":"https:\/\/www.pgd-rakek.si\/index.php?rest_route=%2Fwp%2Fv2%2Fmedia&parent=9647"}],"wp:term":[{"taxonomy":"category","embeddable":true,"href":"https:\/\/www.pgd-rakek.si\/index.php?rest_route=%2Fwp%2Fv2%2Fcategories&post=9647"},{"taxonomy":"post_tag","embeddable":true,"href":"https:\/\/www.pgd-rakek.si\/index.php?rest_route=%2Fwp%2Fv2%2Ftags&post=9647"}],"curies":[{"name":"wp","href":"https:\/\/api.w.org\/{rel}","templated":true}]}}