{"id":8793,"date":"2019-07-06T21:40:18","date_gmt":"2019-07-06T20:40:18","guid":{"rendered":"http:\/\/www.pgd-rakek.si\/?p=8793"},"modified":"2019-07-07T15:44:48","modified_gmt":"2019-07-07T14:44:48","slug":"1-gasilski-rally-ivanje-selo","status":"publish","type":"post","link":"https:\/\/www.pgd-rakek.si\/?p=8793","title":{"rendered":"1. Gasilski rally Ivanje selo"},"content":{"rendered":"\n<p dir=\"auto\" style=\"text-align: justify;\">6.7.2019 se je 5 gasilcev iz na\u0161ega dru\u0161tva udele\u017eilo prvega gasilskega rally-ja v Ivanjem selu. Z veseljem smo se udele\u017eili tega dogodka v pri\u010dakovanju novih vaj, dru\u017eenja in dobre glasbe. Tekmovanja smo se udele\u017eili z vozilom GVGP-1, saj je bil tudi razpis za tekmovanje za manj\u0161a vozila. Okrog 16h ure smo imeli \u0161tart, na samo lokacijo pa smo pri\u0161li malenkost prej, se opremili in podali na prijavo ekipe. Po prejemu vseh navodil, smo se pe\u0161 podali do prve to\u010dke, ki je bila le nekaj metrov stran. Prva to\u010dka je je bila vaja z vedrovko, pri kateri smo se odrezali dobro in smo bili zadovoljni, da smo za\u010deli uspe\u0161no.<\/p>\n<div dir=\"auto\">\n<div dir=\"auto\">\n<div>\n<div dir=\"ltr\">\n<p style=\"text-align: justify;\">Sledil je \u0161tart z avtomobilom in sledenje navodillom preko potne knjige do druge to\u010dke. Pri drugi to\u010dki je bil \u00bbuprizorjen\u00ab gozdni po\u017ear. Ekipa je imela na razpolago 2 naprtnja\u010di in 3 metle, s katerimi smo morali podirati plastenke rde\u010de barve, katere so nakazovale po\u017ear. Na tej to\u010dki smo prejel navodila za naslednjo to\u010dko in se odpravili na pot.<\/p>\n<p style=\"text-align: justify;\">Vo\u017enja je potekala mirno, tudi pot je bila ozna\u010dena dobro, tako da te\u017eav z navigacijo in orientacijo nismo imeli. Prispeli smo na naslednjo to\u010dko, kjer nas je \u010dakala miselna igra in sicer vislice. Vislice smo re\u0161ili hitro, le z eno napako in se ponovno ob dolo\u010denem \u010dasu podali na pot.<\/p>\n<p style=\"text-align: justify;\">Ponovno je sledila vo\u017enja in nekaj \u00bbzastoja\u00ab pred naslednjo to\u010dko, saj je bila \u010dasovno ta to\u010dka najdalj\u0161a, pot do te to\u010dke pa kratka in tako smo se ekipe nabrale na kupu.<\/p>\n<p style=\"text-align: justify;\">Na tej to\u010dki, kjer je bila uprizorjena delovna nesre\u010da v gozdu, smo bili izredno spro\u0161\u010deni in tudi pohvaljeni iz strani sodnice, katera je v smehu dodala, da \u010de bi ocenjevali \u0161e spro\u0161\u010denost, bi zagotovo dobili najve\u010d to\u010dk.<\/p>\n<p style=\"text-align: justify;\">Na koncu je sledila \u0161e vo\u017enja do zadnje to\u010dke z vozli, kjer smo imeli nekaj te\u017eav, predvsem pa \u010dasovno stisko, saj nam je zmanjkalo \u010dasa, da bi vse naredili ob \u010dasu.<\/p>\n<p style=\"text-align: justify;\">Kljub vsemu, kar se nam je dogajalo, smo se uvrstili na 4.mesto, na koncu pa se zabavali v prijetni dru\u017ebi na veselici pod viaduktom.<\/p>\n<p style=\"text-align: justify;\">Hvala organizatorjem za povabilo in upamo, da se vidimo tudi naslednje leto. (Doles S.)<\/p>\n<p style=\"text-align: center;\"><a href=\"http:\/\/www.pgd-rakek.si\/wp-content\/uploads\/2019\/07\/IMG_20190706_175941-2048x1536.jpg\"><img loading=\"lazy\" decoding=\"async\" class=\"aligncenter size-medium wp-image-8794\" src=\"http:\/\/www.pgd-rakek.si\/wp-content\/uploads\/2019\/07\/IMG_20190706_175941-2048x1536-300x225.jpg\" alt=\"\" width=\"300\" height=\"225\" srcset=\"https:\/\/www.pgd-rakek.si\/wp-content\/uploads\/2019\/07\/IMG_20190706_175941-2048x1536-300x225.jpg 300w, https:\/\/www.pgd-rakek.si\/wp-content\/uploads\/2019\/07\/IMG_20190706_175941-2048x1536-768x576.jpg 768w, https:\/\/www.pgd-rakek.si\/wp-content\/uploads\/2019\/07\/IMG_20190706_175941-2048x1536-1024x768.jpg 1024w, https:\/\/www.pgd-rakek.si\/wp-content\/uploads\/2019\/07\/IMG_20190706_175941-2048x1536-250x188.jpg 250w, https:\/\/www.pgd-rakek.si\/wp-content\/uploads\/2019\/07\/IMG_20190706_175941-2048x1536-160x120.jpg 160w, https:\/\/www.pgd-rakek.si\/wp-content\/uploads\/2019\/07\/IMG_20190706_175941-2048x1536.jpg 2048w\" sizes=\"auto, (max-width: 300px) 100vw, 300px\" \/><\/a><\/p>\n<\/div>\n<\/div>\n<\/div>\n<\/div>\n","protected":false},"excerpt":{"rendered":"<p>6.7.2019 se je 5 gasilcev iz na\u0161ega dru\u0161tva udele\u017eilo prvega gasilskega rally-ja v Ivanjem selu. Z veseljem smo se udele\u017eili tega dogodka v pri\u010dakovanju novih vaj, dru\u017eenja in dobre glasbe. Tekmovanja smo se udele\u017eili z vozilom GVGP-1, saj je bil tudi razpis za tekmovanje za manj\u0161a vozila. Okrog 16h ure smo imeli \u0161tart, na samo [&hellip;]<\/p>\n","protected":false},"author":3,"featured_media":0,"comment_status":"closed","ping_status":"closed","sticky":false,"template":"","format":"standard","meta":{"footnotes":""},"categories":[6,60],"tags":[],"class_list":["post-8793","post","type-post","status-publish","format-standard","hentry","category-tekmovanja","category-tekmovanja-2019"],"_links":{"self":[{"href":"https:\/\/www.pgd-rakek.si\/index.php?rest_route=\/wp\/v2\/posts\/8793","targetHints":{"allow":["GET"]}}],"collection":[{"href":"https:\/\/www.pgd-rakek.si\/index.php?rest_route=\/wp\/v2\/posts"}],"about":[{"href":"https:\/\/www.pgd-rakek.si\/index.php?rest_route=\/wp\/v2\/types\/post"}],"author":[{"embeddable":true,"href":"https:\/\/www.pgd-rakek.si\/index.php?rest_route=\/wp\/v2\/users\/3"}],"replies":[{"embeddable":true,"href":"https:\/\/www.pgd-rakek.si\/index.php?rest_route=%2Fwp%2Fv2%2Fcomments&post=8793"}],"version-history":[{"count":2,"href":"https:\/\/www.pgd-rakek.si\/index.php?rest_route=\/wp\/v2\/posts\/8793\/revisions"}],"predecessor-version":[{"id":8796,"href":"https:\/\/www.pgd-rakek.si\/index.php?rest_route=\/wp\/v2\/posts\/8793\/revisions\/8796"}],"wp:attachment":[{"href":"https:\/\/www.pgd-rakek.si\/index.php?rest_route=%2Fwp%2Fv2%2Fmedia&parent=8793"}],"wp:term":[{"taxonomy":"category","embeddable":true,"href":"https:\/\/www.pgd-rakek.si\/index.php?rest_route=%2Fwp%2Fv2%2Fcategories&post=8793"},{"taxonomy":"post_tag","embeddable":true,"href":"https:\/\/www.pgd-rakek.si\/index.php?rest_route=%2Fwp%2Fv2%2Ftags&post=8793"}],"curies":[{"name":"wp","href":"https:\/\/api.w.org\/{rel}","templated":true}]}}