{"id":8339,"date":"2019-02-22T13:55:35","date_gmt":"2019-02-22T12:55:35","guid":{"rendered":"http:\/\/www.pgd-rakek.si\/?p=8339"},"modified":"2019-02-23T09:39:49","modified_gmt":"2019-02-23T08:39:49","slug":"razglas-velike-pozarne-nevarnosti-naravnega-okolja","status":"publish","type":"post","link":"https:\/\/www.pgd-rakek.si\/?p=8339","title":{"rendered":"Razglas velike po\u017earne nevarnosti"},"content":{"rendered":"\n<p>Na podlagi 8. \u010dlena uredbe o varstvu pred po\u017earom v naravnem okolju (Uradni list RS, \u0161t. 20\/14), Uprava Republike Slovenije za za\u0161\u010dito in re\u0161evanje<\/p>\n\n\n\n<p><strong>RAZGLA\u0160A<\/strong><\/p>\n\n\n\n<p>Veliko po\u017earno ogro\u017eenost naravnega okolja 23. februarja in 24. februarja 2019 na obmo\u010dju ob\u010din: Koper, Ankaran, Izola, Piran, Ilirska Bistrica, Pivka, Postojna, Se\u017eana, Diva\u010da, Hrpelje \u2013 Kozina, Komen, Vipava, Ajdov\u0161\u010dina, Nova Gorica, Kanal, Brda, Miren \u2013 Kostanjevica, Ren\u010de \u2013 Vogrsko in \u0160empeter \u2013 Vrtojba; <br><br><strong>Veliko po\u017earno ogro\u017eenost naravnega okolja od 25. februarja 2019 dalje na obmo\u010dju celotne dr\u017eave. <\/strong>Razglas velja za obmo\u010dja brez sne\u017ene odeje.&nbsp;<br><br>Od dne razglasitve velike po\u017earne ogro\u017eenosti dalje je v naravnem okolju poleg po\u017eiganja in odmetavanja gore\u010dih ali drugih predmetov ali snovi, ki lahko povzro\u010dijo po\u017ear, prepovedano tudi kuriti, kuriti kresove, po\u017eigati na obmo\u010djih ob infrastrukturnih objektih, izven pozidanih povr\u0161in uporabljati predmete, naprave ali izvajati aktivnosti, ki lahko povzro\u010dijo po\u017ear ter izvajati ognjemete.<\/p>\n\n\n\n<p>In\u0161pektorat RS za varstvo pred naravnimi in drugimi nesre\u010dami in Policija bosta v \u010dasu razgla\u0161ene velike po\u017earne ogro\u017eenosti naravnega okolja izvajala poostren nadzor.<\/p>\n","protected":false},"excerpt":{"rendered":"<p>Na podlagi 8. \u010dlena uredbe o varstvu pred po\u017earom v naravnem okolju (Uradni list RS, \u0161t. 20\/14), Uprava Republike Slovenije za za\u0161\u010dito in re\u0161evanje RAZGLA\u0160A Veliko po\u017earno ogro\u017eenost naravnega okolja 23. februarja in 24. februarja 2019 na obmo\u010dju ob\u010din: Koper, Ankaran, Izola, Piran, Ilirska Bistrica, Pivka, Postojna, Se\u017eana, Diva\u010da, Hrpelje \u2013 Kozina, Komen, Vipava, Ajdov\u0161\u010dina, [&hellip;]<\/p>\n","protected":false},"author":3,"featured_media":0,"comment_status":"closed","ping_status":"closed","sticky":false,"template":"","format":"standard","meta":{"footnotes":""},"categories":[5,59],"tags":[],"class_list":["post-8339","post","type-post","status-publish","format-standard","hentry","category-novice","category-novice-2019"],"_links":{"self":[{"href":"https:\/\/www.pgd-rakek.si\/index.php?rest_route=\/wp\/v2\/posts\/8339","targetHints":{"allow":["GET"]}}],"collection":[{"href":"https:\/\/www.pgd-rakek.si\/index.php?rest_route=\/wp\/v2\/posts"}],"about":[{"href":"https:\/\/www.pgd-rakek.si\/index.php?rest_route=\/wp\/v2\/types\/post"}],"author":[{"embeddable":true,"href":"https:\/\/www.pgd-rakek.si\/index.php?rest_route=\/wp\/v2\/users\/3"}],"replies":[{"embeddable":true,"href":"https:\/\/www.pgd-rakek.si\/index.php?rest_route=%2Fwp%2Fv2%2Fcomments&post=8339"}],"version-history":[{"count":8,"href":"https:\/\/www.pgd-rakek.si\/index.php?rest_route=\/wp\/v2\/posts\/8339\/revisions"}],"predecessor-version":[{"id":8362,"href":"https:\/\/www.pgd-rakek.si\/index.php?rest_route=\/wp\/v2\/posts\/8339\/revisions\/8362"}],"wp:attachment":[{"href":"https:\/\/www.pgd-rakek.si\/index.php?rest_route=%2Fwp%2Fv2%2Fmedia&parent=8339"}],"wp:term":[{"taxonomy":"category","embeddable":true,"href":"https:\/\/www.pgd-rakek.si\/index.php?rest_route=%2Fwp%2Fv2%2Fcategories&post=8339"},{"taxonomy":"post_tag","embeddable":true,"href":"https:\/\/www.pgd-rakek.si\/index.php?rest_route=%2Fwp%2Fv2%2Ftags&post=8339"}],"curies":[{"name":"wp","href":"https:\/\/api.w.org\/{rel}","templated":true}]}}