{"id":8025,"date":"2018-10-20T07:30:04","date_gmt":"2018-10-20T06:30:04","guid":{"rendered":"http:\/\/www.pgd-rakek.si\/?p=8025"},"modified":"2018-10-21T07:45:08","modified_gmt":"2018-10-21T06:45:08","slug":"dan-odprtih-vrat-2018","status":"publish","type":"post","link":"https:\/\/www.pgd-rakek.si\/?p=8025","title":{"rendered":"Dan odprtih vrat 2018"},"content":{"rendered":"<p style=\"text-align: justify;\">V okviru meseca po\u017earne varnosti, smo v soboto pripravili Dan odprtih vrat PGD Rakek. Med 16. in 18. uro\u00a0so obiskovalci imeli mo\u017enost ogleda vozil in opreme, lahko so preizkusili osebno za\u0161\u010ditno opremo, izolirne dihalne aparate ter izvedeli vse o \u0161tevilki 112. Na to\u010dki, kjer se je izvajala predstavitev dela bolni\u010darjev in prvih posredovalcev so se preizkusili v delu z AED in izvajanju TPO, prikazalo se je tudi imobilizacijo po\u0161kodovanca na zajemalna nosila.\u00a0V improvizirani kuhinji se je prikazalo posledice nepravilnega ga\u0161enja gore\u010dega olja z vodo in kako se pravilno lotimo ga\u0161enja, \u010de nas slednje doleti. Prikazana je bila tudi razlika v gorenju plinaste in teko\u010de faze gospodinjskega plina propan butan in kako posredujemo ob gorenju izhajajo\u010dega plina iz jeklenke. Ekipa vrvnih tehnik je predstavila opremo ter izvedla prikaz uporabe Tirolske \u017ei\u010dnice. V slednji so najbolj u\u017eivali na\u0161i najmlaj\u0161i, kateri so jo tudi naj\u0161tevil\u010dnej\u0161e preizkusili. Ves \u010das predstavitev so bili aktivni tudi na\u0161i najmlaj\u0161i, kateri so se predstavili obiskovalcem s svojimi tekmovalnimi vajami. <a href=\"http:\/\/www.pgd-rakek.si\/?gallery=dan-odprtih-vrat-2018\">Fotogalerija<\/a>.<\/p>\n<p style=\"text-align: center;\"><a href=\"http:\/\/www.pgd-rakek.si\/wp-content\/uploads\/2018\/10\/44356021_311565369661744_7562383685274566656_n.jpg\"><img loading=\"lazy\" decoding=\"async\" class=\"aligncenter size-medium wp-image-8026\" src=\"http:\/\/www.pgd-rakek.si\/wp-content\/uploads\/2018\/10\/44356021_311565369661744_7562383685274566656_n-300x225.jpg\" alt=\"\" width=\"300\" height=\"225\" srcset=\"https:\/\/www.pgd-rakek.si\/wp-content\/uploads\/2018\/10\/44356021_311565369661744_7562383685274566656_n-300x225.jpg 300w, https:\/\/www.pgd-rakek.si\/wp-content\/uploads\/2018\/10\/44356021_311565369661744_7562383685274566656_n-768x576.jpg 768w, https:\/\/www.pgd-rakek.si\/wp-content\/uploads\/2018\/10\/44356021_311565369661744_7562383685274566656_n-1024x768.jpg 1024w, https:\/\/www.pgd-rakek.si\/wp-content\/uploads\/2018\/10\/44356021_311565369661744_7562383685274566656_n-250x188.jpg 250w, https:\/\/www.pgd-rakek.si\/wp-content\/uploads\/2018\/10\/44356021_311565369661744_7562383685274566656_n-160x120.jpg 160w, https:\/\/www.pgd-rakek.si\/wp-content\/uploads\/2018\/10\/44356021_311565369661744_7562383685274566656_n.jpg 1764w\" sizes=\"auto, (max-width: 300px) 100vw, 300px\" \/><\/a><\/p>\n","protected":false},"excerpt":{"rendered":"<p>V okviru meseca po\u017earne varnosti, smo v soboto pripravili Dan odprtih vrat PGD Rakek. Med 16. in 18. uro\u00a0so obiskovalci imeli mo\u017enost ogleda vozil in opreme, lahko so preizkusili osebno za\u0161\u010ditno opremo, izolirne dihalne aparate ter izvedeli vse o \u0161tevilki 112. Na to\u010dki, kjer se je izvajala predstavitev dela bolni\u010darjev in prvih posredovalcev so se [&hellip;]<\/p>\n","protected":false},"author":3,"featured_media":0,"comment_status":"closed","ping_status":"closed","sticky":false,"template":"","format":"standard","meta":{"footnotes":""},"categories":[5,43],"tags":[],"class_list":["post-8025","post","type-post","status-publish","format-standard","hentry","category-novice","category-novice-2018"],"_links":{"self":[{"href":"https:\/\/www.pgd-rakek.si\/index.php?rest_route=\/wp\/v2\/posts\/8025","targetHints":{"allow":["GET"]}}],"collection":[{"href":"https:\/\/www.pgd-rakek.si\/index.php?rest_route=\/wp\/v2\/posts"}],"about":[{"href":"https:\/\/www.pgd-rakek.si\/index.php?rest_route=\/wp\/v2\/types\/post"}],"author":[{"embeddable":true,"href":"https:\/\/www.pgd-rakek.si\/index.php?rest_route=\/wp\/v2\/users\/3"}],"replies":[{"embeddable":true,"href":"https:\/\/www.pgd-rakek.si\/index.php?rest_route=%2Fwp%2Fv2%2Fcomments&post=8025"}],"version-history":[{"count":3,"href":"https:\/\/www.pgd-rakek.si\/index.php?rest_route=\/wp\/v2\/posts\/8025\/revisions"}],"predecessor-version":[{"id":8039,"href":"https:\/\/www.pgd-rakek.si\/index.php?rest_route=\/wp\/v2\/posts\/8025\/revisions\/8039"}],"wp:attachment":[{"href":"https:\/\/www.pgd-rakek.si\/index.php?rest_route=%2Fwp%2Fv2%2Fmedia&parent=8025"}],"wp:term":[{"taxonomy":"category","embeddable":true,"href":"https:\/\/www.pgd-rakek.si\/index.php?rest_route=%2Fwp%2Fv2%2Fcategories&post=8025"},{"taxonomy":"post_tag","embeddable":true,"href":"https:\/\/www.pgd-rakek.si\/index.php?rest_route=%2Fwp%2Fv2%2Ftags&post=8025"}],"curies":[{"name":"wp","href":"https:\/\/api.w.org\/{rel}","templated":true}]}}