{"id":7963,"date":"2018-10-03T14:04:56","date_gmt":"2018-10-03T13:04:56","guid":{"rendered":"http:\/\/www.pgd-rakek.si\/?p=7963"},"modified":"2018-10-04T14:06:58","modified_gmt":"2018-10-04T13:06:58","slug":"posvet-zeleznica-in-varnost","status":"publish","type":"post","link":"https:\/\/www.pgd-rakek.si\/?p=7963","title":{"rendered":"Posvet \u017deleznica in varnost"},"content":{"rendered":"<p style=\"text-align: justify;\">V sredo smo se \u0161tirje \u010dlani poveljstva odzvali vabilu \u0161taba Civilne za\u0161\u010dite ob\u010dine Vrhnika na predavanje v sklopu ob\u010dinske vaje sistema za\u0161\u010dite, re\u0161evanja in pomo\u010di z naslovom &#8220;\u017delezni\u0161ka nesre\u010da Verd 2018&#8221;. V ta namen je ob\u010dina Vrhnika v sodelovanju s Slovenskimi \u017eeleznicami, \u0161tabom CZ Ob\u010dine Vrhnika in GZ Vrhnika organizirala predavanje na temo &#8220;Nevarnosti, ki pre\u017eijo ob \u017eelezni\u0161ki nesre\u010di&#8221;. Predavanja in posveta, ki je potekalo v prostorih Cankarjevega doma na Vrhniki so se udele\u017eila prostovljna gasilska dru\u0161tva GZ Vrhnika in okoli\u0161ki PGD, kateri se tudi sre\u010dujemo z nesre\u010dami in po\u017eari ob \u017eelezni\u0161ki progi Ljubljana-Postojna. Na posvetu so 4 predavatelji predstavili slede\u010de teme: varno delo in gibanje na \u017eelezni\u0161kem obmo\u010dju, elektro energetika ter vleka vlakov in vozna sredstva. Pridobljeno prepotrebno znanje bomo udele\u017eenci PGD Rakek v zimskem \u010dasu na operativnih vajah podali tudi ostalim \u010dlanom operativne enote (Trebec S.)<\/p>\n<p style=\"text-align: center;\"><a href=\"http:\/\/www.pgd-rakek.si\/wp-content\/uploads\/2018\/10\/2_236b74ebbb5c6e9733922ff64450a3bb.jpg\"><img loading=\"lazy\" decoding=\"async\" class=\"aligncenter size-medium wp-image-7964\" src=\"http:\/\/www.pgd-rakek.si\/wp-content\/uploads\/2018\/10\/2_236b74ebbb5c6e9733922ff64450a3bb-300x169.jpg\" alt=\"\" width=\"300\" height=\"169\" srcset=\"https:\/\/www.pgd-rakek.si\/wp-content\/uploads\/2018\/10\/2_236b74ebbb5c6e9733922ff64450a3bb-300x169.jpg 300w, https:\/\/www.pgd-rakek.si\/wp-content\/uploads\/2018\/10\/2_236b74ebbb5c6e9733922ff64450a3bb-250x141.jpg 250w, https:\/\/www.pgd-rakek.si\/wp-content\/uploads\/2018\/10\/2_236b74ebbb5c6e9733922ff64450a3bb.jpg 660w\" sizes=\"auto, (max-width: 300px) 100vw, 300px\" \/><\/a><\/p>\n","protected":false},"excerpt":{"rendered":"<p>V sredo smo se \u0161tirje \u010dlani poveljstva odzvali vabilu \u0161taba Civilne za\u0161\u010dite ob\u010dine Vrhnika na predavanje v sklopu ob\u010dinske vaje sistema za\u0161\u010dite, re\u0161evanja in pomo\u010di z naslovom &#8220;\u017delezni\u0161ka nesre\u010da Verd 2018&#8221;. V ta namen je ob\u010dina Vrhnika v sodelovanju s Slovenskimi \u017eeleznicami, \u0161tabom CZ Ob\u010dine Vrhnika in GZ Vrhnika organizirala predavanje na temo &#8220;Nevarnosti, ki [&hellip;]<\/p>\n","protected":false},"author":3,"featured_media":0,"comment_status":"closed","ping_status":"closed","sticky":false,"template":"","format":"standard","meta":{"footnotes":""},"categories":[8,46],"tags":[],"class_list":["post-7963","post","type-post","status-publish","format-standard","hentry","category-usposabljanja","category-usposabljanja-2018"],"_links":{"self":[{"href":"https:\/\/www.pgd-rakek.si\/index.php?rest_route=\/wp\/v2\/posts\/7963","targetHints":{"allow":["GET"]}}],"collection":[{"href":"https:\/\/www.pgd-rakek.si\/index.php?rest_route=\/wp\/v2\/posts"}],"about":[{"href":"https:\/\/www.pgd-rakek.si\/index.php?rest_route=\/wp\/v2\/types\/post"}],"author":[{"embeddable":true,"href":"https:\/\/www.pgd-rakek.si\/index.php?rest_route=\/wp\/v2\/users\/3"}],"replies":[{"embeddable":true,"href":"https:\/\/www.pgd-rakek.si\/index.php?rest_route=%2Fwp%2Fv2%2Fcomments&post=7963"}],"version-history":[{"count":1,"href":"https:\/\/www.pgd-rakek.si\/index.php?rest_route=\/wp\/v2\/posts\/7963\/revisions"}],"predecessor-version":[{"id":7965,"href":"https:\/\/www.pgd-rakek.si\/index.php?rest_route=\/wp\/v2\/posts\/7963\/revisions\/7965"}],"wp:attachment":[{"href":"https:\/\/www.pgd-rakek.si\/index.php?rest_route=%2Fwp%2Fv2%2Fmedia&parent=7963"}],"wp:term":[{"taxonomy":"category","embeddable":true,"href":"https:\/\/www.pgd-rakek.si\/index.php?rest_route=%2Fwp%2Fv2%2Fcategories&post=7963"},{"taxonomy":"post_tag","embeddable":true,"href":"https:\/\/www.pgd-rakek.si\/index.php?rest_route=%2Fwp%2Fv2%2Ftags&post=7963"}],"curies":[{"name":"wp","href":"https:\/\/api.w.org\/{rel}","templated":true}]}}