{"id":7815,"date":"2018-07-21T20:35:33","date_gmt":"2018-07-21T19:35:33","guid":{"rendered":"http:\/\/www.pgd-rakek.si\/?p=7815"},"modified":"2018-07-24T12:37:20","modified_gmt":"2018-07-24T11:37:20","slug":"21-srecanje-clanic-v-lazah","status":"publish","type":"post","link":"https:\/\/www.pgd-rakek.si\/?p=7815","title":{"rendered":"21. sre\u010danje \u010dlanic v Lazah"},"content":{"rendered":"<p style=\"font-weight: 400; text-align: justify;\">V soboto je potekalo \u017ee 21. sre\u010danje \u010dlanic v Lazah, ki smo se ga tradicionalno udele\u017eile tudi \u010dlanice B PGD Rakek in osvojile odli\u010dno 2. mesto.\u00a0Hvala mentorju Matja\u017eu Iler\u0161i\u010du ter Aniti Trebec, ki je v zadnjem trenutku prevzela nalogo desetarke. Naslednje leto pa dve ekipi in zmaga (\u0160ivec Barbara)!<\/p>\n<p style=\"text-align: center;\"><a href=\"http:\/\/www.pgd-rakek.si\/wp-content\/uploads\/2018\/07\/FB_IMG_1532431599766.jpg\"><img loading=\"lazy\" decoding=\"async\" class=\"aligncenter size-medium wp-image-7816\" src=\"http:\/\/www.pgd-rakek.si\/wp-content\/uploads\/2018\/07\/FB_IMG_1532431599766-300x225.jpg\" alt=\"\" width=\"300\" height=\"225\" srcset=\"https:\/\/www.pgd-rakek.si\/wp-content\/uploads\/2018\/07\/FB_IMG_1532431599766-300x225.jpg 300w, https:\/\/www.pgd-rakek.si\/wp-content\/uploads\/2018\/07\/FB_IMG_1532431599766-768x576.jpg 768w, https:\/\/www.pgd-rakek.si\/wp-content\/uploads\/2018\/07\/FB_IMG_1532431599766-1024x768.jpg 1024w, https:\/\/www.pgd-rakek.si\/wp-content\/uploads\/2018\/07\/FB_IMG_1532431599766-250x188.jpg 250w, https:\/\/www.pgd-rakek.si\/wp-content\/uploads\/2018\/07\/FB_IMG_1532431599766-160x120.jpg 160w, https:\/\/www.pgd-rakek.si\/wp-content\/uploads\/2018\/07\/FB_IMG_1532431599766.jpg 1280w\" sizes=\"auto, (max-width: 300px) 100vw, 300px\" \/><\/a><\/p>\n","protected":false},"excerpt":{"rendered":"<p>V soboto je potekalo \u017ee 21. sre\u010danje \u010dlanic v Lazah, ki smo se ga tradicionalno udele\u017eile tudi \u010dlanice B PGD Rakek in osvojile odli\u010dno 2. mesto.\u00a0Hvala mentorju Matja\u017eu Iler\u0161i\u010du ter Aniti Trebec, ki je v zadnjem trenutku prevzela nalogo desetarke. Naslednje leto pa dve ekipi in zmaga (\u0160ivec Barbara)!<\/p>\n","protected":false},"author":3,"featured_media":0,"comment_status":"closed","ping_status":"closed","sticky":false,"template":"","format":"standard","meta":{"footnotes":""},"categories":[6,45],"tags":[],"class_list":["post-7815","post","type-post","status-publish","format-standard","hentry","category-tekmovanja","category-tekmovanja-2018"],"_links":{"self":[{"href":"https:\/\/www.pgd-rakek.si\/index.php?rest_route=\/wp\/v2\/posts\/7815","targetHints":{"allow":["GET"]}}],"collection":[{"href":"https:\/\/www.pgd-rakek.si\/index.php?rest_route=\/wp\/v2\/posts"}],"about":[{"href":"https:\/\/www.pgd-rakek.si\/index.php?rest_route=\/wp\/v2\/types\/post"}],"author":[{"embeddable":true,"href":"https:\/\/www.pgd-rakek.si\/index.php?rest_route=\/wp\/v2\/users\/3"}],"replies":[{"embeddable":true,"href":"https:\/\/www.pgd-rakek.si\/index.php?rest_route=%2Fwp%2Fv2%2Fcomments&post=7815"}],"version-history":[{"count":1,"href":"https:\/\/www.pgd-rakek.si\/index.php?rest_route=\/wp\/v2\/posts\/7815\/revisions"}],"predecessor-version":[{"id":7817,"href":"https:\/\/www.pgd-rakek.si\/index.php?rest_route=\/wp\/v2\/posts\/7815\/revisions\/7817"}],"wp:attachment":[{"href":"https:\/\/www.pgd-rakek.si\/index.php?rest_route=%2Fwp%2Fv2%2Fmedia&parent=7815"}],"wp:term":[{"taxonomy":"category","embeddable":true,"href":"https:\/\/www.pgd-rakek.si\/index.php?rest_route=%2Fwp%2Fv2%2Fcategories&post=7815"},{"taxonomy":"post_tag","embeddable":true,"href":"https:\/\/www.pgd-rakek.si\/index.php?rest_route=%2Fwp%2Fv2%2Ftags&post=7815"}],"curies":[{"name":"wp","href":"https:\/\/api.w.org\/{rel}","templated":true}]}}