{"id":7441,"date":"2018-02-06T18:52:18","date_gmt":"2018-02-06T17:52:18","guid":{"rendered":"http:\/\/www.pgd-rakek.si\/?p=7441"},"modified":"2018-02-09T18:56:02","modified_gmt":"2018-02-09T17:56:02","slug":"abraham-lukan-mojca","status":"publish","type":"post","link":"https:\/\/www.pgd-rakek.si\/?p=7441","title":{"rendered":"Abraham Lukan Mojca"},"content":{"rendered":"<p style=\"text-align: justify;\">\u010clanice smo tudi v leto 2018 aktivno vstopile. Januarja smo na ob\u010dnem zboru zamenjale vodjo in ob tem bi se dosedanji vodji Ani \u0160ivec zahvalile za ves trud in \u010das, ki ga je vlo\u017eila v dru\u0161tvo in nas. Novi vodji Barbari \u0160ivec pa \u017eelimo veliko veselja in prijetnih trenutkov pri vodenju sekcije \u010dlanic.<\/p>\n<p style=\"text-align: justify;\">06.02. pa je na\u0161a \u010dlanica Mojca Lukan praznovala Abrahama. Kakor se za dolgoletno \u010dlanico in tudi nekdanjo blagajni\u010darko PGD spodobi, smo obletnico primerno proslavile. Zbrale smo se v gasilnem domu, kjer smo se primerno oblekle in pripravile opremo. V bli\u017eini njenega doma smo pri\u017egali lu\u010dke in sireno, da je opazila na\u0161 prihod. Ob stra\u017ei smo jo postavile pred cev z ro\u010dnikom, a namesto vode, jo je pri\u010dakal papirnati tu\u0161 (saj je navsezadnje le pol metra snega in temperature okoli ni\u010dle). Nato pa je sledila naloga, katera je specifi\u010dna in posebno pripravljena za vsakega slavljenca posebej. Ker Mojca \u017ee od za\u010detka gasilske veselice na Rakeku pomaga pri sre\u010delovu, jo je ta tudi sedaj doletel. Skupno je bilo pripravljenih 10 sre\u010dk, ki jih je \u017erebala, a niso bile vse dobitne. Ob nedobitnih je morala odgovoriti na zvita vpra\u0161anja o zgodovini in organizaciji PGD. Moramo re\u010di, da se je izvrstno odrezala, saj je na vsa vpra\u0161anja pravilno odgovorila. Ker pa je vseeno gasilka, smo jo za konec po\u0161pricale s \u0161ampanjcem.<\/p>\n<p style=\"text-align: justify;\">Mojca, \u0161e tu ti vo\u0161\u010dimo vse najbolj\u0161e ob tvojem jubileju! Veliko zdravja, sre\u010de, veselja in radosti pa da bi \u0161e ostala v na\u0161i dru\u017ebi \u0161e dolgo \u010dasa. Ob tem bi se zahvalila tudi \u010dlanom operative, ki so nam pomagali izvesti akcijo (Trebec A.).<\/p>\n<p><a href=\"http:\/\/www.pgd-rakek.si\/wp-content\/uploads\/2018\/02\/IMG_20180206_191446.jpg\"><img loading=\"lazy\" decoding=\"async\" class=\"size-medium wp-image-7442 aligncenter\" src=\"http:\/\/www.pgd-rakek.si\/wp-content\/uploads\/2018\/02\/IMG_20180206_191446-300x225.jpg\" alt=\"\" width=\"300\" height=\"225\" srcset=\"https:\/\/www.pgd-rakek.si\/wp-content\/uploads\/2018\/02\/IMG_20180206_191446-300x225.jpg 300w, https:\/\/www.pgd-rakek.si\/wp-content\/uploads\/2018\/02\/IMG_20180206_191446-768x576.jpg 768w, https:\/\/www.pgd-rakek.si\/wp-content\/uploads\/2018\/02\/IMG_20180206_191446-1024x768.jpg 1024w, https:\/\/www.pgd-rakek.si\/wp-content\/uploads\/2018\/02\/IMG_20180206_191446-250x188.jpg 250w, https:\/\/www.pgd-rakek.si\/wp-content\/uploads\/2018\/02\/IMG_20180206_191446-160x120.jpg 160w\" sizes=\"auto, (max-width: 300px) 100vw, 300px\" \/><\/a><\/p>\n","protected":false},"excerpt":{"rendered":"<p>\u010clanice smo tudi v leto 2018 aktivno vstopile. Januarja smo na ob\u010dnem zboru zamenjale vodjo in ob tem bi se dosedanji vodji Ani \u0160ivec zahvalile za ves trud in \u010das, ki ga je vlo\u017eila v dru\u0161tvo in nas. Novi vodji Barbari \u0160ivec pa \u017eelimo veliko veselja in prijetnih trenutkov pri vodenju sekcije \u010dlanic. 06.02. pa [&hellip;]<\/p>\n","protected":false},"author":3,"featured_media":0,"comment_status":"closed","ping_status":"closed","sticky":false,"template":"","format":"standard","meta":{"footnotes":""},"categories":[5,43],"tags":[],"class_list":["post-7441","post","type-post","status-publish","format-standard","hentry","category-novice","category-novice-2018"],"_links":{"self":[{"href":"https:\/\/www.pgd-rakek.si\/index.php?rest_route=\/wp\/v2\/posts\/7441","targetHints":{"allow":["GET"]}}],"collection":[{"href":"https:\/\/www.pgd-rakek.si\/index.php?rest_route=\/wp\/v2\/posts"}],"about":[{"href":"https:\/\/www.pgd-rakek.si\/index.php?rest_route=\/wp\/v2\/types\/post"}],"author":[{"embeddable":true,"href":"https:\/\/www.pgd-rakek.si\/index.php?rest_route=\/wp\/v2\/users\/3"}],"replies":[{"embeddable":true,"href":"https:\/\/www.pgd-rakek.si\/index.php?rest_route=%2Fwp%2Fv2%2Fcomments&post=7441"}],"version-history":[{"count":2,"href":"https:\/\/www.pgd-rakek.si\/index.php?rest_route=\/wp\/v2\/posts\/7441\/revisions"}],"predecessor-version":[{"id":7444,"href":"https:\/\/www.pgd-rakek.si\/index.php?rest_route=\/wp\/v2\/posts\/7441\/revisions\/7444"}],"wp:attachment":[{"href":"https:\/\/www.pgd-rakek.si\/index.php?rest_route=%2Fwp%2Fv2%2Fmedia&parent=7441"}],"wp:term":[{"taxonomy":"category","embeddable":true,"href":"https:\/\/www.pgd-rakek.si\/index.php?rest_route=%2Fwp%2Fv2%2Fcategories&post=7441"},{"taxonomy":"post_tag","embeddable":true,"href":"https:\/\/www.pgd-rakek.si\/index.php?rest_route=%2Fwp%2Fv2%2Ftags&post=7441"}],"curies":[{"name":"wp","href":"https:\/\/api.w.org\/{rel}","templated":true}]}}