{"id":7415,"date":"2018-01-27T19:03:48","date_gmt":"2018-01-27T18:03:48","guid":{"rendered":"http:\/\/www.pgd-rakek.si\/?p=7415"},"modified":"2018-02-02T06:50:50","modified_gmt":"2018-02-02T05:50:50","slug":"obcni-zbor-2018","status":"publish","type":"post","link":"https:\/\/www.pgd-rakek.si\/?p=7415","title":{"rendered":"Ob\u010dni zbor 2018"},"content":{"rendered":"<p style=\"text-align: justify;\">V soboto, 27. januarja je v prostorih dru\u0161tva potekal redni letni ob\u010dni zbor, ki je bil hkrati tudi volilni. Po pozdravnem nagovoru predsednika dru\u0161tva Klemna Droleta, je ob\u010dni zbor vodil predsednik ob\u010dnega zbora Franc \u0160ivec. Po prebranih poro\u010dilih dela in planih za teko\u010de leto predsednika, poveljnika in vodjev sekcij je stekel pogovor tudi o gradnji novega gasilnega doma. Ob\u010dnega zbora so se udele\u017eili tudi predstavniki Notranjske gasilske regije, GZ Cerknica ter dru\u0161tev PGD Rimske Toplice, PGD Podgrad, PGD Begunje pri Cerknici, PGD Ivanje selo, PGD Unec (Trebec S.).<\/p>\n<p style=\"text-align: justify;\">Za mandat 2018 \u2013 2023 je bilo na ob\u010dnem zboru izvoljeno naslednje vodstvo:<\/p>\n<p>Predsednik: Klemen Drole<br \/>\nPodpredsednik: Janez Tur\u0161i\u010d<br \/>\nTajnik: Sa\u0161o Doles<br \/>\nBlagajnik: Vid Vadnu<br \/>\nPredsednik nadzornega odbora: Janez Tur\u0161i\u010d<br \/>\nPredsednik disciplinske komisije: Igor Zidar<br \/>\nPredsednik komisije za odlikovanja in priznanja: Franc \u0160ivec<br \/>\nPredsednik komisije \u2013 mladina: Matja\u017e Iler\u0161i\u010d<br \/>\nPredsednik komisije \u2013 \u010dlanice: Barbara \u0160ivec<br \/>\nPredsednik komisije \u2013 veterani: Ivan Paternost<\/p>\n<p>Poveljnik: Miha Modic<br \/>\nNamestnika poveljnika: Klemen Purkart<br \/>\nPodpoveljnik I: Mitja Trebec<br \/>\nPodpoveljnik II in \u010dastnik za varnost: Metod Vrenko<br \/>\nPomo\u010dnik poveljnika za naprave za za\u0161\u010dito dihal: Domen Banfi<br \/>\nPomo\u010dnik poveljnika za radijske zveze: Ale\u0161 Gorki\u010d<br \/>\nPomo\u010dnik poveljnika za prvo pomo\u010d: Sergej Trebec<br \/>\nOrodjar: \u017diga Ko\u010devar<br \/>\nStrojnik: Nejc Lukan<\/p>\n<p style=\"text-align: center;\"><a href=\"http:\/\/www.pgd-rakek.si\/wp-content\/uploads\/2018\/02\/20180127_193942.jpg\"><img loading=\"lazy\" decoding=\"async\" class=\"aligncenter size-medium wp-image-7416\" src=\"http:\/\/www.pgd-rakek.si\/wp-content\/uploads\/2018\/02\/20180127_193942-300x225.jpg\" alt=\"\" width=\"300\" height=\"225\" srcset=\"https:\/\/www.pgd-rakek.si\/wp-content\/uploads\/2018\/02\/20180127_193942-300x225.jpg 300w, https:\/\/www.pgd-rakek.si\/wp-content\/uploads\/2018\/02\/20180127_193942-768x576.jpg 768w, https:\/\/www.pgd-rakek.si\/wp-content\/uploads\/2018\/02\/20180127_193942-1024x768.jpg 1024w, https:\/\/www.pgd-rakek.si\/wp-content\/uploads\/2018\/02\/20180127_193942-250x188.jpg 250w, https:\/\/www.pgd-rakek.si\/wp-content\/uploads\/2018\/02\/20180127_193942-160x120.jpg 160w\" sizes=\"auto, (max-width: 300px) 100vw, 300px\" \/><\/a><\/p>\n","protected":false},"excerpt":{"rendered":"<p>V soboto, 27. januarja je v prostorih dru\u0161tva potekal redni letni ob\u010dni zbor, ki je bil hkrati tudi volilni. Po pozdravnem nagovoru predsednika dru\u0161tva Klemna Droleta, je ob\u010dni zbor vodil predsednik ob\u010dnega zbora Franc \u0160ivec. Po prebranih poro\u010dilih dela in planih za teko\u010de leto predsednika, poveljnika in vodjev sekcij je stekel pogovor tudi o gradnji [&hellip;]<\/p>\n","protected":false},"author":3,"featured_media":0,"comment_status":"closed","ping_status":"closed","sticky":false,"template":"","format":"standard","meta":{"footnotes":""},"categories":[5,43],"tags":[],"class_list":["post-7415","post","type-post","status-publish","format-standard","hentry","category-novice","category-novice-2018"],"_links":{"self":[{"href":"https:\/\/www.pgd-rakek.si\/index.php?rest_route=\/wp\/v2\/posts\/7415","targetHints":{"allow":["GET"]}}],"collection":[{"href":"https:\/\/www.pgd-rakek.si\/index.php?rest_route=\/wp\/v2\/posts"}],"about":[{"href":"https:\/\/www.pgd-rakek.si\/index.php?rest_route=\/wp\/v2\/types\/post"}],"author":[{"embeddable":true,"href":"https:\/\/www.pgd-rakek.si\/index.php?rest_route=\/wp\/v2\/users\/3"}],"replies":[{"embeddable":true,"href":"https:\/\/www.pgd-rakek.si\/index.php?rest_route=%2Fwp%2Fv2%2Fcomments&post=7415"}],"version-history":[{"count":3,"href":"https:\/\/www.pgd-rakek.si\/index.php?rest_route=\/wp\/v2\/posts\/7415\/revisions"}],"predecessor-version":[{"id":7423,"href":"https:\/\/www.pgd-rakek.si\/index.php?rest_route=\/wp\/v2\/posts\/7415\/revisions\/7423"}],"wp:attachment":[{"href":"https:\/\/www.pgd-rakek.si\/index.php?rest_route=%2Fwp%2Fv2%2Fmedia&parent=7415"}],"wp:term":[{"taxonomy":"category","embeddable":true,"href":"https:\/\/www.pgd-rakek.si\/index.php?rest_route=%2Fwp%2Fv2%2Fcategories&post=7415"},{"taxonomy":"post_tag","embeddable":true,"href":"https:\/\/www.pgd-rakek.si\/index.php?rest_route=%2Fwp%2Fv2%2Ftags&post=7415"}],"curies":[{"name":"wp","href":"https:\/\/api.w.org\/{rel}","templated":true}]}}