{"id":7039,"date":"2017-09-30T12:16:36","date_gmt":"2017-09-30T11:16:36","guid":{"rendered":"http:\/\/www.pgd-rakek.si\/?p=7039"},"modified":"2017-10-09T05:50:10","modified_gmt":"2017-10-09T04:50:10","slug":"pokalno-tekmovanje-pgd-drenov-gric-lesno-brdo","status":"publish","type":"post","link":"https:\/\/www.pgd-rakek.si\/?p=7039","title":{"rendered":"Pokalno tekmovanje PGD DRENOV GRI\u010c-LESNO BRDO"},"content":{"rendered":"<p style=\"text-align: justify;\">30. septembra 2017 se je mladinska ekipa PGD Rakek udele\u017eila pokalnega tekmovanja PGD Drenov Gri\u010d-Lesno Brdo. Ekipo so sestavljali desetar Lara \u010cu\u010dek, sel Feliks Ulbl, strojnik Tim Zidar, napadalec 1 Luka Zidar, napadalec 2 Katja Marolt, vodar 1 Matej Mavsar, vodar 2 Alja\u017e Kogej, cevar 1 Manca Opeka, cevar 2 Klara Jernej\u010di\u010d. Rezervi sta bili Martin Mavsar in Inela \u0106orali\u0107. Mentorja sta bila Matja\u017e Iler\u0161i\u010d in Marjan Zidar.<\/p>\n<p style=\"text-align: justify;\">(vaja s hidrantom)<\/p>\n<p style=\"text-align: justify;\">Pri tej vaji smo morali napeljati dve cevi od hidranta do trojaka, od tam pa izpeljati dva napada do ognjene \u010drte, nato pa podreti obe tar\u010di. Cilj je bil dose\u017een, ko smo s curkom vode podrli tar\u010di s stojala. Vse to smo naredili v 51 sekundah, kar je odli\u010den rezultat. Nato so nam sodniki prisodili \u0161e dodatnih 10 kazenskih sekund, saj sta dva \u010dlana na\u0161e desetine \u0161e pred desetarjevim znakom za za\u010detek vaje, naredila korak.<\/p>\n<p style=\"text-align: justify;\">(korakanje)<\/p>\n<p style=\"text-align: justify;\">Pri korakanju je bil desetar Luka Zidar, ostalih osem pa je lepo strumno in ubogljivo korakalo. Tu na sre\u010do nismo dobili nobene kazenske to\u010dke, saj smo pokazali kako dobro smo se na vajah nau\u010dili poveljevati in ubogati desetarja.<\/p>\n<p style=\"text-align: justify;\">(kviz)<\/p>\n<p style=\"text-align: justify;\">Desetarka Lara \u010cu\u010dek je za odgovarjanje na vpra\u0161anja, povezana z gasilstvom, iz\u017erebala tri \u010dlane na\u0161e ekipe \u2013 Luka Zidarja, Manco Opeka in Katjo Marolt. Tukaj smo se odrezali kar dobro, saj smo pravilno odgovorili na sedem od devetih vpra\u0161anj.<\/p>\n<p style=\"text-align: justify;\">Po nesre\u010di z gasilsko opremo, ki smo jo imeli na tekmovanju v Lo\u0161ki dolini, smo se na tekmovanju na Drenovem Gri\u010du odrezali odli\u010dno, saj smo dosegli neverjetno prvo mesto. S tem smo si prislu\u017eili pokal, pa tudi pico. Gotovo nam je sre\u010do prinesel tudi na\u0161 Polde, to je maskota na\u0161ega dru\u0161tva. Veselje je bilo popolno, ko sta nam mentorja obljubila, da bomo za nagrado vajo lahko izvedli tudi z motorno brizgalno. Vsi se tega \u017ee veselimo.<\/p>\n<p style=\"text-align: justify;\">Luka Zidar<\/p>\n<p><a href=\"http:\/\/www.pgd-rakek.si\/wp-content\/uploads\/2017\/10\/Pokalno-mladina.jpg\"><img loading=\"lazy\" decoding=\"async\" class=\"aligncenter wp-image-7041 size-medium\" src=\"http:\/\/www.pgd-rakek.si\/wp-content\/uploads\/2017\/10\/Pokalno-mladina-300x225.jpg\" alt=\"\" width=\"300\" height=\"225\" srcset=\"https:\/\/www.pgd-rakek.si\/wp-content\/uploads\/2017\/10\/Pokalno-mladina-300x225.jpg 300w, https:\/\/www.pgd-rakek.si\/wp-content\/uploads\/2017\/10\/Pokalno-mladina-768x576.jpg 768w, https:\/\/www.pgd-rakek.si\/wp-content\/uploads\/2017\/10\/Pokalno-mladina-1024x768.jpg 1024w, https:\/\/www.pgd-rakek.si\/wp-content\/uploads\/2017\/10\/Pokalno-mladina-250x188.jpg 250w, https:\/\/www.pgd-rakek.si\/wp-content\/uploads\/2017\/10\/Pokalno-mladina-160x120.jpg 160w, https:\/\/www.pgd-rakek.si\/wp-content\/uploads\/2017\/10\/Pokalno-mladina.jpg 1600w\" sizes=\"auto, (max-width: 300px) 100vw, 300px\" \/><\/a><\/p>\n","protected":false},"excerpt":{"rendered":"<p>30. septembra 2017 se je mladinska ekipa PGD Rakek udele\u017eila pokalnega tekmovanja PGD Drenov Gri\u010d-Lesno Brdo. Ekipo so sestavljali desetar Lara \u010cu\u010dek, sel Feliks Ulbl, strojnik Tim Zidar, napadalec 1 Luka Zidar, napadalec 2 Katja Marolt, vodar 1 Matej Mavsar, vodar 2 Alja\u017e Kogej, cevar 1 Manca Opeka, cevar 2 Klara Jernej\u010di\u010d. Rezervi sta bili [&hellip;]<\/p>\n","protected":false},"author":15,"featured_media":0,"comment_status":"closed","ping_status":"closed","sticky":false,"template":"","format":"standard","meta":{"footnotes":""},"categories":[35,36],"tags":[],"class_list":["post-7039","post","type-post","status-publish","format-standard","hentry","category-mladina-2017","category-tekmovanja-2017"],"_links":{"self":[{"href":"https:\/\/www.pgd-rakek.si\/index.php?rest_route=\/wp\/v2\/posts\/7039","targetHints":{"allow":["GET"]}}],"collection":[{"href":"https:\/\/www.pgd-rakek.si\/index.php?rest_route=\/wp\/v2\/posts"}],"about":[{"href":"https:\/\/www.pgd-rakek.si\/index.php?rest_route=\/wp\/v2\/types\/post"}],"author":[{"embeddable":true,"href":"https:\/\/www.pgd-rakek.si\/index.php?rest_route=\/wp\/v2\/users\/15"}],"replies":[{"embeddable":true,"href":"https:\/\/www.pgd-rakek.si\/index.php?rest_route=%2Fwp%2Fv2%2Fcomments&post=7039"}],"version-history":[{"count":5,"href":"https:\/\/www.pgd-rakek.si\/index.php?rest_route=\/wp\/v2\/posts\/7039\/revisions"}],"predecessor-version":[{"id":7046,"href":"https:\/\/www.pgd-rakek.si\/index.php?rest_route=\/wp\/v2\/posts\/7039\/revisions\/7046"}],"wp:attachment":[{"href":"https:\/\/www.pgd-rakek.si\/index.php?rest_route=%2Fwp%2Fv2%2Fmedia&parent=7039"}],"wp:term":[{"taxonomy":"category","embeddable":true,"href":"https:\/\/www.pgd-rakek.si\/index.php?rest_route=%2Fwp%2Fv2%2Fcategories&post=7039"},{"taxonomy":"post_tag","embeddable":true,"href":"https:\/\/www.pgd-rakek.si\/index.php?rest_route=%2Fwp%2Fv2%2Ftags&post=7039"}],"curies":[{"name":"wp","href":"https:\/\/api.w.org\/{rel}","templated":true}]}}