{"id":7021,"date":"2017-09-24T14:30:39","date_gmt":"2017-09-24T13:30:39","guid":{"rendered":"http:\/\/www.pgd-rakek.si\/?p=7021"},"modified":"2017-09-29T14:05:56","modified_gmt":"2017-09-29T13:05:56","slug":"tekmovanje-memorial-matevza-haceta-20017-2018","status":"publish","type":"post","link":"https:\/\/www.pgd-rakek.si\/?p=7021","title":{"rendered":"Tekmovanje Memorial Matev\u017ea Haceta 2017"},"content":{"rendered":"<p style=\"text-align: justify\">Danes se je PGD Rakek s 4 ekipami udele\u017eil ob\u010dinskega tekmovanja Memorial Matev\u017ea Haceta, ki se je odvijalo na parkiri\u0161\u010du tovarne Kovinoplastika Lo\u017e v Lo\u017eu. Ob koncu podelitve se je izkazalo, da je bil za nas izjemno uspe\u0161en dan! \u010clanice A v sestavi Anita Trebec, Lara Jurca, Tajda \u0160tefan\u010di\u010d, Nata\u0161a Milo\u0161evi\u0107, Maja in Nina Ben\u010dan, Taja Tom\u0161i\u010d ter Sanja in Tanja Zalar so osvojile 1. mesto. \u010clani A v sestavi\u00a0 Domen in Bla\u017e Banfi, Miha Modic, Nejc Lukan, Mitja Trebec, \u017diga Ko\u010devar, Jan Iler\u0161i\u010d, Vid Vadnu, Tilen \u0160tefan\u010di\u010d so osvojili 1. mesto. \u010clani B v sestavi Sergej Trebec, Sa\u0161o Doles, Tone Lukan, Klemen Purkart, Franci \u0160ivec, Matja\u017e Iler\u0161i\u010d, Marjan Zidar, Ale\u0161 Gorki\u010d in Klemen Drole so prav tako osvojili 1. mesto. Mladinci pa so imeli veliko te\u017eav z opremo, kar je na \u017ealost na koncu vodilo v diskvalifikacijo ekipe. Naj to Lari \u010cu\u010dek, Mateju Mavsarju, Katji Marolt, Luki in Timu Zidarju, Manci Opeka, Klari Jernej\u010di\u010d, Feliksu Ulblu in Alja\u017eu Kogeju ter ostalim pionirjem in mladincem ne vzame poguma ter volje. Mi verjamemo v vas, saj ste na vajah pokazali, da obvladate!\u00a0Vse tri \u010dlanske ekipe pa so se uvrstile na regijsko tekmovanje, ki se bo odvijalo 07.10.2017 v organizaciji GZ Vrhnika. \u017de sedaj dr\u017eimo pesti, da se uvrstite na dr\u017eavno tekmovanje!<\/p>\n<p style=\"text-align: justify\">Anita Trebec<\/p>\n<p>\u00a0 \u00a0 \u00a0 \u00a0 \u00a0 \u00a0 \u00a0 \u00a0 \u00a0 \u00a0 \u00a0 \u00a0 \u00a0 \u00a0 \u00a0 \u00a0 \u00a0 \u00a0 \u00a0 \u00a0 \u00a0 \u00a0 \u00a0 \u00a0 \u00a0 \u00a0 \u00a0 \u00a0 \u00a0 \u00a0 \u00a0 \u00a0 \u00a0 \u00a0 \u00a0 \u00a0 \u00a0 \u00a0 \u00a0 \u00a0 \u00a0 \u00a0<a href=\"http:\/\/www.pgd-rakek.si\/wp-content\/uploads\/2017\/09\/Pokali-2.jpg\"><img loading=\"lazy\" decoding=\"async\" class=\"aligncenter wp-image-7019 size-medium\" src=\"http:\/\/www.pgd-rakek.si\/wp-content\/uploads\/2017\/09\/Pokali-2-225x300.jpg\" alt=\"\" width=\"225\" height=\"300\" srcset=\"https:\/\/www.pgd-rakek.si\/wp-content\/uploads\/2017\/09\/Pokali-2-225x300.jpg 225w, https:\/\/www.pgd-rakek.si\/wp-content\/uploads\/2017\/09\/Pokali-2-768x1024.jpg 768w, https:\/\/www.pgd-rakek.si\/wp-content\/uploads\/2017\/09\/Pokali-2-250x333.jpg 250w, https:\/\/www.pgd-rakek.si\/wp-content\/uploads\/2017\/09\/Pokali-2.jpg 1359w\" sizes=\"auto, (max-width: 225px) 100vw, 225px\" \/><\/a><\/p>\n<p>&nbsp;<\/p>\n<p><img loading=\"lazy\" decoding=\"async\" class=\"size-medium wp-image-7026 aligncenter\" src=\"http:\/\/www.pgd-rakek.si\/wp-content\/uploads\/2017\/09\/21994142_10209571071969088_2157175649850880929_o-300x225.jpg\" alt=\"\" width=\"300\" height=\"225\" srcset=\"https:\/\/www.pgd-rakek.si\/wp-content\/uploads\/2017\/09\/21994142_10209571071969088_2157175649850880929_o-300x225.jpg 300w, https:\/\/www.pgd-rakek.si\/wp-content\/uploads\/2017\/09\/21994142_10209571071969088_2157175649850880929_o-768x577.jpg 768w, https:\/\/www.pgd-rakek.si\/wp-content\/uploads\/2017\/09\/21994142_10209571071969088_2157175649850880929_o-1024x769.jpg 1024w, https:\/\/www.pgd-rakek.si\/wp-content\/uploads\/2017\/09\/21994142_10209571071969088_2157175649850880929_o-250x188.jpg 250w, https:\/\/www.pgd-rakek.si\/wp-content\/uploads\/2017\/09\/21994142_10209571071969088_2157175649850880929_o-160x120.jpg 160w, https:\/\/www.pgd-rakek.si\/wp-content\/uploads\/2017\/09\/21994142_10209571071969088_2157175649850880929_o.jpg 2048w\" sizes=\"auto, (max-width: 300px) 100vw, 300px\" \/><\/p>\n","protected":false},"excerpt":{"rendered":"<p>Danes se je PGD Rakek s 4 ekipami udele\u017eil ob\u010dinskega tekmovanja Memorial Matev\u017ea Haceta, ki se je odvijalo na parkiri\u0161\u010du tovarne Kovinoplastika Lo\u017e v Lo\u017eu. Ob koncu podelitve se je izkazalo, da je bil za nas izjemno uspe\u0161en dan! \u010clanice A v sestavi Anita Trebec, Lara Jurca, Tajda \u0160tefan\u010di\u010d, Nata\u0161a Milo\u0161evi\u0107, Maja in Nina Ben\u010dan, [&hellip;]<\/p>\n","protected":false},"author":15,"featured_media":0,"comment_status":"closed","ping_status":"closed","sticky":false,"template":"","format":"standard","meta":{"footnotes":""},"categories":[35,38,36],"tags":[],"class_list":["post-7021","post","type-post","status-publish","format-standard","hentry","category-mladina-2017","category-novice-2017","category-tekmovanja-2017"],"_links":{"self":[{"href":"https:\/\/www.pgd-rakek.si\/index.php?rest_route=\/wp\/v2\/posts\/7021","targetHints":{"allow":["GET"]}}],"collection":[{"href":"https:\/\/www.pgd-rakek.si\/index.php?rest_route=\/wp\/v2\/posts"}],"about":[{"href":"https:\/\/www.pgd-rakek.si\/index.php?rest_route=\/wp\/v2\/types\/post"}],"author":[{"embeddable":true,"href":"https:\/\/www.pgd-rakek.si\/index.php?rest_route=\/wp\/v2\/users\/15"}],"replies":[{"embeddable":true,"href":"https:\/\/www.pgd-rakek.si\/index.php?rest_route=%2Fwp%2Fv2%2Fcomments&post=7021"}],"version-history":[{"count":5,"href":"https:\/\/www.pgd-rakek.si\/index.php?rest_route=\/wp\/v2\/posts\/7021\/revisions"}],"predecessor-version":[{"id":7029,"href":"https:\/\/www.pgd-rakek.si\/index.php?rest_route=\/wp\/v2\/posts\/7021\/revisions\/7029"}],"wp:attachment":[{"href":"https:\/\/www.pgd-rakek.si\/index.php?rest_route=%2Fwp%2Fv2%2Fmedia&parent=7021"}],"wp:term":[{"taxonomy":"category","embeddable":true,"href":"https:\/\/www.pgd-rakek.si\/index.php?rest_route=%2Fwp%2Fv2%2Fcategories&post=7021"},{"taxonomy":"post_tag","embeddable":true,"href":"https:\/\/www.pgd-rakek.si\/index.php?rest_route=%2Fwp%2Fv2%2Ftags&post=7021"}],"curies":[{"name":"wp","href":"https:\/\/api.w.org\/{rel}","templated":true}]}}