{"id":6468,"date":"2017-03-11T17:00:51","date_gmt":"2017-03-11T16:00:51","guid":{"rendered":"http:\/\/www.pgd-rakek.si\/?p=6468"},"modified":"2017-03-12T09:17:54","modified_gmt":"2017-03-12T08:17:54","slug":"5-pokalno-tekmovanje-v-ssv-clanice-a","status":"publish","type":"post","link":"https:\/\/www.pgd-rakek.si\/?p=6468","title":{"rendered":"5. Pokalno tekmovanje v SSV \u010dlanice A"},"content":{"rendered":"<p style=\"text-align: justify;\">Dne 11.03.2017 smo se \u010dlanice A udele\u017eile 5. pokalnega tekmovanja v spajanju sesalnega voda. Tokrat se je odvijalo v \u0161portni dvorani v Horjulu v organizaciji PGD \u017da\u017ear. Trdo delo med zimskimi po\u010ditnicami in \u017ee kar nekaj tekem v rokavu, se je resni\u010dno obrestovalo in dosegle smo svoj dale\u010d najbolj\u0161i rezultat. \u010cas izvedbe vaje je bil odli\u010den in minimalno \u0161tevilo kazenskih to\u010dk je pripeljalo do tega, da smo v kon\u010dnem se\u0161tevku prehitele celo ekipe proti katerim smo do sedaj izgubljale. Sedaj nas naslednjo soboto \u010daka \u0161e zadnja tekma s katero se tekmovanje zaklju\u010duje. Se pa \u017ee dogovarjamo, da se naslednje leto zopet udele\u017eimo pokalnega\u00a0tekmovanja v SSV in z rednimi vajami do takrat presenetimo. Ve\u010d <a href=\"http:\/\/www.pgd-rakek.si\/?gallery=5-pokalno-tekmovanje-v-ssv-clanice-a\">fotografij<\/a>.<\/p>\n<p style=\"text-align: left;\">Anita Trebec<\/p>\n<p style=\"text-align: left;\"><a href=\"http:\/\/www.pgd-rakek.si\/wp-content\/uploads\/2017\/03\/pred-pokali.jpg\"><img loading=\"lazy\" decoding=\"async\" class=\"aligncenter wp-image-6472 size-medium\" src=\"http:\/\/www.pgd-rakek.si\/wp-content\/uploads\/2017\/03\/pred-pokali-300x169.jpg\" alt=\"\" width=\"300\" height=\"169\" srcset=\"https:\/\/www.pgd-rakek.si\/wp-content\/uploads\/2017\/03\/pred-pokali-300x169.jpg 300w, https:\/\/www.pgd-rakek.si\/wp-content\/uploads\/2017\/03\/pred-pokali-768x432.jpg 768w, https:\/\/www.pgd-rakek.si\/wp-content\/uploads\/2017\/03\/pred-pokali-1024x576.jpg 1024w, https:\/\/www.pgd-rakek.si\/wp-content\/uploads\/2017\/03\/pred-pokali-250x141.jpg 250w\" sizes=\"auto, (max-width: 300px) 100vw, 300px\" \/><\/a><\/p>\n<p style=\"text-align: left;\">\n","protected":false},"excerpt":{"rendered":"<p>Dne 11.03.2017 smo se \u010dlanice A udele\u017eile 5. pokalnega tekmovanja v spajanju sesalnega voda. Tokrat se je odvijalo v \u0161portni dvorani v Horjulu v organizaciji PGD \u017da\u017ear. Trdo delo med zimskimi po\u010ditnicami in \u017ee kar nekaj tekem v rokavu, se je resni\u010dno obrestovalo in dosegle smo svoj dale\u010d najbolj\u0161i rezultat. \u010cas izvedbe vaje je bil [&hellip;]<\/p>\n","protected":false},"author":15,"featured_media":0,"comment_status":"closed","ping_status":"closed","sticky":false,"template":"","format":"standard","meta":{"footnotes":""},"categories":[6,36],"tags":[],"class_list":["post-6468","post","type-post","status-publish","format-standard","hentry","category-tekmovanja","category-tekmovanja-2017"],"_links":{"self":[{"href":"https:\/\/www.pgd-rakek.si\/index.php?rest_route=\/wp\/v2\/posts\/6468","targetHints":{"allow":["GET"]}}],"collection":[{"href":"https:\/\/www.pgd-rakek.si\/index.php?rest_route=\/wp\/v2\/posts"}],"about":[{"href":"https:\/\/www.pgd-rakek.si\/index.php?rest_route=\/wp\/v2\/types\/post"}],"author":[{"embeddable":true,"href":"https:\/\/www.pgd-rakek.si\/index.php?rest_route=\/wp\/v2\/users\/15"}],"replies":[{"embeddable":true,"href":"https:\/\/www.pgd-rakek.si\/index.php?rest_route=%2Fwp%2Fv2%2Fcomments&post=6468"}],"version-history":[{"count":5,"href":"https:\/\/www.pgd-rakek.si\/index.php?rest_route=\/wp\/v2\/posts\/6468\/revisions"}],"predecessor-version":[{"id":6479,"href":"https:\/\/www.pgd-rakek.si\/index.php?rest_route=\/wp\/v2\/posts\/6468\/revisions\/6479"}],"wp:attachment":[{"href":"https:\/\/www.pgd-rakek.si\/index.php?rest_route=%2Fwp%2Fv2%2Fmedia&parent=6468"}],"wp:term":[{"taxonomy":"category","embeddable":true,"href":"https:\/\/www.pgd-rakek.si\/index.php?rest_route=%2Fwp%2Fv2%2Fcategories&post=6468"},{"taxonomy":"post_tag","embeddable":true,"href":"https:\/\/www.pgd-rakek.si\/index.php?rest_route=%2Fwp%2Fv2%2Ftags&post=6468"}],"curies":[{"name":"wp","href":"https:\/\/api.w.org\/{rel}","templated":true}]}}