{"id":6387,"date":"2017-01-28T15:00:37","date_gmt":"2017-01-28T14:00:37","guid":{"rendered":"http:\/\/www.pgd-rakek.si\/?p=6387"},"modified":"2017-03-12T09:52:45","modified_gmt":"2017-03-12T08:52:45","slug":"2-pokalno-tekmovanje-v-ssv-clanice-a","status":"publish","type":"post","link":"https:\/\/www.pgd-rakek.si\/?p=6387","title":{"rendered":"2. Pokalno tekmovanje v SSV \u010dlanice A"},"content":{"rendered":"<p style=\"text-align: justify;\">\u010clanice A smo se v soboto, 28.01.2017, udele\u017eile drugega pokalnega tekmovanja v SSV. Odvijalo se je v \u0161portni dvorani v Mirni Pe\u010di v organizaciji PGD Hmelj\u010di\u010d. Tudi tokrat na\u0161 \u010das ni bil slab. Na \u017ealost pa se pri izvedbi poka\u017eejo na\u0161a mladost, neizku\u0161enost ter izredna \u017eelja po dobrem rezultatu in tako naredimo preve\u010d napak, ki prinesejo kazenske to\u010dke. Le-te pa na\u0161 kon\u010dni rezultat poslab\u0161ajo. Sedaj imamo 2 tedna \u010dasa, da delamo na teh pomanjkljivostih in napake odpravimo ter tako na 3. tekmovanju v Keblju resni\u010dno dose\u017eemo rezultat, ki smo ga zmo\u017ene! <a href=\"http:\/\/www.pgd-rakek.si\/wp-content\/uploads\/2017\/01\/Povzetek-tekmovanja.mp4\">Video<\/a>.<\/p>\n<p>Anita Trebec<br \/>\n<img loading=\"lazy\" decoding=\"async\" class=\"size-medium wp-image-6392 aligncenter\" src=\"http:\/\/www.pgd-rakek.si\/wp-content\/uploads\/2017\/01\/DSC_0030-300x169.jpg\" alt=\"\" width=\"300\" height=\"169\" srcset=\"https:\/\/www.pgd-rakek.si\/wp-content\/uploads\/2017\/01\/DSC_0030-300x169.jpg 300w, https:\/\/www.pgd-rakek.si\/wp-content\/uploads\/2017\/01\/DSC_0030-768x432.jpg 768w, https:\/\/www.pgd-rakek.si\/wp-content\/uploads\/2017\/01\/DSC_0030-1024x576.jpg 1024w, https:\/\/www.pgd-rakek.si\/wp-content\/uploads\/2017\/01\/DSC_0030-250x141.jpg 250w\" sizes=\"auto, (max-width: 300px) 100vw, 300px\" \/><\/p>\n<p>&nbsp;<\/p>\n","protected":false},"excerpt":{"rendered":"<p>\u010clanice A smo se v soboto, 28.01.2017, udele\u017eile drugega pokalnega tekmovanja v SSV. Odvijalo se je v \u0161portni dvorani v Mirni Pe\u010di v organizaciji PGD Hmelj\u010di\u010d. Tudi tokrat na\u0161 \u010das ni bil slab. Na \u017ealost pa se pri izvedbi poka\u017eejo na\u0161a mladost, neizku\u0161enost ter izredna \u017eelja po dobrem rezultatu in tako naredimo preve\u010d napak, ki [&hellip;]<\/p>\n","protected":false},"author":15,"featured_media":0,"comment_status":"closed","ping_status":"closed","sticky":false,"template":"","format":"standard","meta":{"footnotes":""},"categories":[6,36],"tags":[],"class_list":["post-6387","post","type-post","status-publish","format-standard","hentry","category-tekmovanja","category-tekmovanja-2017"],"_links":{"self":[{"href":"https:\/\/www.pgd-rakek.si\/index.php?rest_route=\/wp\/v2\/posts\/6387","targetHints":{"allow":["GET"]}}],"collection":[{"href":"https:\/\/www.pgd-rakek.si\/index.php?rest_route=\/wp\/v2\/posts"}],"about":[{"href":"https:\/\/www.pgd-rakek.si\/index.php?rest_route=\/wp\/v2\/types\/post"}],"author":[{"embeddable":true,"href":"https:\/\/www.pgd-rakek.si\/index.php?rest_route=\/wp\/v2\/users\/15"}],"replies":[{"embeddable":true,"href":"https:\/\/www.pgd-rakek.si\/index.php?rest_route=%2Fwp%2Fv2%2Fcomments&post=6387"}],"version-history":[{"count":8,"href":"https:\/\/www.pgd-rakek.si\/index.php?rest_route=\/wp\/v2\/posts\/6387\/revisions"}],"predecessor-version":[{"id":6484,"href":"https:\/\/www.pgd-rakek.si\/index.php?rest_route=\/wp\/v2\/posts\/6387\/revisions\/6484"}],"wp:attachment":[{"href":"https:\/\/www.pgd-rakek.si\/index.php?rest_route=%2Fwp%2Fv2%2Fmedia&parent=6387"}],"wp:term":[{"taxonomy":"category","embeddable":true,"href":"https:\/\/www.pgd-rakek.si\/index.php?rest_route=%2Fwp%2Fv2%2Fcategories&post=6387"},{"taxonomy":"post_tag","embeddable":true,"href":"https:\/\/www.pgd-rakek.si\/index.php?rest_route=%2Fwp%2Fv2%2Ftags&post=6387"}],"curies":[{"name":"wp","href":"https:\/\/api.w.org\/{rel}","templated":true}]}}