{"id":5444,"date":"2016-01-23T17:00:21","date_gmt":"2016-01-23T16:00:21","guid":{"rendered":"http:\/\/www.pgd-rakek.si\/?p=5444"},"modified":"2016-01-27T07:08:56","modified_gmt":"2016-01-27T06:08:56","slug":"zbor-madih-pgd-rakek-2016","status":"publish","type":"post","link":"https:\/\/www.pgd-rakek.si\/?p=5444","title":{"rendered":"Zbor mladih PGD Rakek 2016"},"content":{"rendered":"<p style=\"text-align: justify;\">V soboto, 23.1.2016 smo se v prostorih PGD Rakek\u00a0zbrali pionirji, mladinci in pripravniki. Ta dan je namre\u010d potekal zbor mladih, katerega smo vodili sami. Prvo poro\u010dilo je prebral predsednik mladinske komisije\u00a0Matja\u017e Iler\u0161i\u010d, nato smo \u0161e mi\u00a0 prebrali\u00a0 poro\u010dila iz tekmovanj. Tekmovanj, ki smo se jih udele\u017eili lansko leto je bilo veliko, udele\u017eili smo se: ob\u010dinskega, regijskega in dr\u017eavnega kviza, ob\u010dinske in regijske orientacije, tekmovanja za memorial Rudolfa Maistra, ob\u010dinskega tekmovanja za pokal Martina Krpana ter ob\u010dinskega in regijskega tekmovanja CTIF, ki je potekalo na Rakeku. Na regijskemu tekmovanju CTIF je ekipa mladincev osvojila drugo mesto, zato gre letos\u00a0na dr\u017eavno tekmovanje v Koper. Na zboru mladih so bili prisotni star\u0161i in predstavniki PGD Rakek:\u00a0predsednik Klemen Drole, poveljnik Klemen Purkart, vodja \u010dlanic Ana \u0160ivec ter vodja veteranov Ivan Paternost. Vsi so nas tudi nagovorili in nam za\u017eeleli \u0161e veliko uspehov v gasilskih vrstah. Dobili smo tudi priznanja za bolni\u010darja, plavalca in glasbenika, nekateri pa tudi potrdila o vstopu med mlade \u010dlane PGD. Na koncu smo izrazili tudi svoje \u017eelje za leto 2016, po uradnem zaklju\u010dku pa\u00a0se skupaj poveselili in jedli odli\u010dno pico. Bilo je zelo zabavno.<\/p>\n<p>Tanja Zalar<img loading=\"lazy\" decoding=\"async\" class=\"alignnone size-medium wp-image-5454 aligncenter\" src=\"http:\/\/www.pgd-rakek.si\/wp-content\/uploads\/2016\/01\/DSC_1895-300x169.jpg\" alt=\"DSC_1895\" width=\"300\" height=\"169\" \/><\/p>\n<p>&nbsp;<\/p>\n","protected":false},"excerpt":{"rendered":"<p>V soboto, 23.1.2016 smo se v prostorih PGD Rakek\u00a0zbrali pionirji, mladinci in pripravniki. Ta dan je namre\u010d potekal zbor mladih, katerega smo vodili sami. Prvo poro\u010dilo je prebral predsednik mladinske komisije\u00a0Matja\u017e Iler\u0161i\u010d, nato smo \u0161e mi\u00a0 prebrali\u00a0 poro\u010dila iz tekmovanj. Tekmovanj, ki smo se jih udele\u017eili lansko leto je bilo veliko, udele\u017eili smo se: ob\u010dinskega, [&hellip;]<\/p>\n","protected":false},"author":15,"featured_media":0,"comment_status":"closed","ping_status":"closed","sticky":false,"template":"","format":"standard","meta":{"footnotes":""},"categories":[25,32],"tags":[],"class_list":["post-5444","post","type-post","status-publish","format-standard","hentry","category-mladina","category-mladina-2016"],"_links":{"self":[{"href":"https:\/\/www.pgd-rakek.si\/index.php?rest_route=\/wp\/v2\/posts\/5444","targetHints":{"allow":["GET"]}}],"collection":[{"href":"https:\/\/www.pgd-rakek.si\/index.php?rest_route=\/wp\/v2\/posts"}],"about":[{"href":"https:\/\/www.pgd-rakek.si\/index.php?rest_route=\/wp\/v2\/types\/post"}],"author":[{"embeddable":true,"href":"https:\/\/www.pgd-rakek.si\/index.php?rest_route=\/wp\/v2\/users\/15"}],"replies":[{"embeddable":true,"href":"https:\/\/www.pgd-rakek.si\/index.php?rest_route=%2Fwp%2Fv2%2Fcomments&post=5444"}],"version-history":[{"count":14,"href":"https:\/\/www.pgd-rakek.si\/index.php?rest_route=\/wp\/v2\/posts\/5444\/revisions"}],"predecessor-version":[{"id":5464,"href":"https:\/\/www.pgd-rakek.si\/index.php?rest_route=\/wp\/v2\/posts\/5444\/revisions\/5464"}],"wp:attachment":[{"href":"https:\/\/www.pgd-rakek.si\/index.php?rest_route=%2Fwp%2Fv2%2Fmedia&parent=5444"}],"wp:term":[{"taxonomy":"category","embeddable":true,"href":"https:\/\/www.pgd-rakek.si\/index.php?rest_route=%2Fwp%2Fv2%2Fcategories&post=5444"},{"taxonomy":"post_tag","embeddable":true,"href":"https:\/\/www.pgd-rakek.si\/index.php?rest_route=%2Fwp%2Fv2%2Ftags&post=5444"}],"curies":[{"name":"wp","href":"https:\/\/api.w.org\/{rel}","templated":true}]}}