{"id":5360,"date":"2015-11-28T17:32:05","date_gmt":"2015-11-28T16:32:05","guid":{"rendered":"http:\/\/www.pgd-rakek.si\/?p=5360"},"modified":"2015-11-30T17:40:52","modified_gmt":"2015-11-30T16:40:52","slug":"letno-srecanje-clanic-notranjske-regije","status":"publish","type":"post","link":"https:\/\/www.pgd-rakek.si\/?p=5360","title":{"rendered":"Letno sre\u010danje \u010dlanic Notranjske regije"},"content":{"rendered":"<p style=\"text-align: justify\">V soboto, 28.novembra, sva se \u010dlanici PGD Rakek udele\u017eili letnega posveta \u010dlanic notranjske regije, ki je letos potekal v Novi vasi na Blokah. Po sprejemu in uvodnem pozdravu nam je Matej Paki\u017e predstavil muzej o blo\u0161kem smu\u010danju. Gre za nov muzej, zasnovan po evropskih merilih (interaktivnost, lastna izku\u0161nja), ki opisuje ne samo lokalno, ampak tudi dr\u017eavno posebnost. Nato smo se odpravili proti gasilnemu domu PGD Nova vas na Blokah. Tu sta nam Andrej Tratnik, poklicni gasilec iz Postojne ter Gregor Vidrih, dipl.zdr. na postojnski urgenci, v prvi osebi predstavila najve\u010djo prometno nesre\u010do na Slovenskem &#8220;Sne\u017ena zavesa&#8221; na avtocesti pri Postojni decembra 2014. Po uradnem delu je sledilo dru\u017eenje ob ve\u010derji in doma\u010dih sladkih dobrotah. PGD Nova vas na Blokah se zahvaljujemo za gostoljubje in lep ve\u010der, organizatorjem pa za vabilo in zgledno organiziran dogodek.<\/p>\n<p style=\"text-align: justify\">Trebec Anita<\/p>\n<p style=\"text-align: center\"><a href=\"http:\/\/www.pgd-rakek.si\/wp-content\/uploads\/2015\/11\/Brez-naslova1.jpg\"><img loading=\"lazy\" decoding=\"async\" class=\"aligncenter size-medium wp-image-5361\" src=\"http:\/\/www.pgd-rakek.si\/wp-content\/uploads\/2015\/11\/Brez-naslova1-300x226.jpg\" alt=\"Brez naslova\" width=\"300\" height=\"226\" srcset=\"https:\/\/www.pgd-rakek.si\/wp-content\/uploads\/2015\/11\/Brez-naslova1-300x226.jpg 300w, https:\/\/www.pgd-rakek.si\/wp-content\/uploads\/2015\/11\/Brez-naslova1-160x120.jpg 160w, https:\/\/www.pgd-rakek.si\/wp-content\/uploads\/2015\/11\/Brez-naslova1.jpg 883w\" sizes=\"auto, (max-width: 300px) 100vw, 300px\" \/><\/a><\/p>\n","protected":false},"excerpt":{"rendered":"<p>V soboto, 28.novembra, sva se \u010dlanici PGD Rakek udele\u017eili letnega posveta \u010dlanic notranjske regije, ki je letos potekal v Novi vasi na Blokah. Po sprejemu in uvodnem pozdravu nam je Matej Paki\u017e predstavil muzej o blo\u0161kem smu\u010danju. Gre za nov muzej, zasnovan po evropskih merilih (interaktivnost, lastna izku\u0161nja), ki opisuje ne samo lokalno, ampak tudi [&hellip;]<\/p>\n","protected":false},"author":3,"featured_media":0,"comment_status":"closed","ping_status":"closed","sticky":false,"template":"","format":"standard","meta":{"footnotes":""},"categories":[5,22],"tags":[],"class_list":["post-5360","post","type-post","status-publish","format-standard","hentry","category-novice","category-novice-2015"],"_links":{"self":[{"href":"https:\/\/www.pgd-rakek.si\/index.php?rest_route=\/wp\/v2\/posts\/5360","targetHints":{"allow":["GET"]}}],"collection":[{"href":"https:\/\/www.pgd-rakek.si\/index.php?rest_route=\/wp\/v2\/posts"}],"about":[{"href":"https:\/\/www.pgd-rakek.si\/index.php?rest_route=\/wp\/v2\/types\/post"}],"author":[{"embeddable":true,"href":"https:\/\/www.pgd-rakek.si\/index.php?rest_route=\/wp\/v2\/users\/3"}],"replies":[{"embeddable":true,"href":"https:\/\/www.pgd-rakek.si\/index.php?rest_route=%2Fwp%2Fv2%2Fcomments&post=5360"}],"version-history":[{"count":1,"href":"https:\/\/www.pgd-rakek.si\/index.php?rest_route=\/wp\/v2\/posts\/5360\/revisions"}],"predecessor-version":[{"id":5362,"href":"https:\/\/www.pgd-rakek.si\/index.php?rest_route=\/wp\/v2\/posts\/5360\/revisions\/5362"}],"wp:attachment":[{"href":"https:\/\/www.pgd-rakek.si\/index.php?rest_route=%2Fwp%2Fv2%2Fmedia&parent=5360"}],"wp:term":[{"taxonomy":"category","embeddable":true,"href":"https:\/\/www.pgd-rakek.si\/index.php?rest_route=%2Fwp%2Fv2%2Fcategories&post=5360"},{"taxonomy":"post_tag","embeddable":true,"href":"https:\/\/www.pgd-rakek.si\/index.php?rest_route=%2Fwp%2Fv2%2Ftags&post=5360"}],"curies":[{"name":"wp","href":"https:\/\/api.w.org\/{rel}","templated":true}]}}