{"id":5192,"date":"2015-10-03T18:36:57","date_gmt":"2015-10-03T17:36:57","guid":{"rendered":"http:\/\/www.pgd-rakek.si\/?p=5192"},"modified":"2015-10-05T07:42:10","modified_gmt":"2015-10-05T06:42:10","slug":"regijsko-tekmovanje-ctif","status":"publish","type":"post","link":"https:\/\/www.pgd-rakek.si\/?p=5192","title":{"rendered":"Regijsko tekmovanje CTIF"},"content":{"rendered":"<p style=\"text-align: justify\">V soboto, 3. oktobra 2015 je potekalo regijsko\u00a0tekmovanje CTIF v organizaciji sektorja Rakek. V \u0161portnem parku na Rakeku so gasilci vseh starostnih skupin iz GZ Cerknica, Lo\u0161ka dolina, Logatec in Vrhnika tekmovali v gasilsko \u0161portnih disciplinah. Na\u0161e dru\u0161tvo je na tekmovanju\u00a0sodelovalo s \u0161tirimi\u00a0ekipami, po ena ekipa iz kategorije mladincev, \u010dlanov A, \u010dlanov B in starej\u0161ih gasilcev. Mladinci so osvojili kon\u010dno 2. mesto in si s tem priborili nastop na dr\u017eavnem tekmovanju, \u010dlani A 8.\u00a0mesto, \u010dlani B 6.\u00a0mesto in starej\u0161i gasilci 9. mesto. Poleg sodelovanja s tekmovalnimi ekipami smo sodelovali tudi pri organizaciji in pripravi tekmovali\u0161\u010da s tehni\u010dno ekipo, redarji in spremljevalci ekip.\u00a0Vsem \u010destitamo za dose\u017eene rezultate in se zahvaljujemo za pomo\u010d!<\/p>\n<p style=\"text-align: center\"><a href=\"http:\/\/www.pgd-rakek.si\/wp-content\/uploads\/2015\/10\/11201812_10205056505557102_7824133303950918862_n.jpg\"><img loading=\"lazy\" decoding=\"async\" class=\"aligncenter size-medium wp-image-5193\" src=\"http:\/\/www.pgd-rakek.si\/wp-content\/uploads\/2015\/10\/11201812_10205056505557102_7824133303950918862_n-300x169.jpg\" alt=\"11201812_10205056505557102_7824133303950918862_n\" width=\"300\" height=\"169\" srcset=\"https:\/\/www.pgd-rakek.si\/wp-content\/uploads\/2015\/10\/11201812_10205056505557102_7824133303950918862_n-300x169.jpg 300w, https:\/\/www.pgd-rakek.si\/wp-content\/uploads\/2015\/10\/11201812_10205056505557102_7824133303950918862_n.jpg 960w\" sizes=\"auto, (max-width: 300px) 100vw, 300px\" \/><\/a><\/p>\n","protected":false},"excerpt":{"rendered":"<p>V soboto, 3. oktobra 2015 je potekalo regijsko\u00a0tekmovanje CTIF v organizaciji sektorja Rakek. V \u0161portnem parku na Rakeku so gasilci vseh starostnih skupin iz GZ Cerknica, Lo\u0161ka dolina, Logatec in Vrhnika tekmovali v gasilsko \u0161portnih disciplinah. Na\u0161e dru\u0161tvo je na tekmovanju\u00a0sodelovalo s \u0161tirimi\u00a0ekipami, po ena ekipa iz kategorije mladincev, \u010dlanov A, \u010dlanov B in starej\u0161ih [&hellip;]<\/p>\n","protected":false},"author":3,"featured_media":0,"comment_status":"closed","ping_status":"closed","sticky":false,"template":"","format":"standard","meta":{"footnotes":""},"categories":[6,23],"tags":[],"class_list":["post-5192","post","type-post","status-publish","format-standard","hentry","category-tekmovanja","category-tekmovanja-2015"],"_links":{"self":[{"href":"https:\/\/www.pgd-rakek.si\/index.php?rest_route=\/wp\/v2\/posts\/5192","targetHints":{"allow":["GET"]}}],"collection":[{"href":"https:\/\/www.pgd-rakek.si\/index.php?rest_route=\/wp\/v2\/posts"}],"about":[{"href":"https:\/\/www.pgd-rakek.si\/index.php?rest_route=\/wp\/v2\/types\/post"}],"author":[{"embeddable":true,"href":"https:\/\/www.pgd-rakek.si\/index.php?rest_route=\/wp\/v2\/users\/3"}],"replies":[{"embeddable":true,"href":"https:\/\/www.pgd-rakek.si\/index.php?rest_route=%2Fwp%2Fv2%2Fcomments&post=5192"}],"version-history":[{"count":1,"href":"https:\/\/www.pgd-rakek.si\/index.php?rest_route=\/wp\/v2\/posts\/5192\/revisions"}],"predecessor-version":[{"id":5194,"href":"https:\/\/www.pgd-rakek.si\/index.php?rest_route=\/wp\/v2\/posts\/5192\/revisions\/5194"}],"wp:attachment":[{"href":"https:\/\/www.pgd-rakek.si\/index.php?rest_route=%2Fwp%2Fv2%2Fmedia&parent=5192"}],"wp:term":[{"taxonomy":"category","embeddable":true,"href":"https:\/\/www.pgd-rakek.si\/index.php?rest_route=%2Fwp%2Fv2%2Fcategories&post=5192"},{"taxonomy":"post_tag","embeddable":true,"href":"https:\/\/www.pgd-rakek.si\/index.php?rest_route=%2Fwp%2Fv2%2Ftags&post=5192"}],"curies":[{"name":"wp","href":"https:\/\/api.w.org\/{rel}","templated":true}]}}