{"id":5173,"date":"2015-09-26T08:03:30","date_gmt":"2015-09-26T07:03:30","guid":{"rendered":"http:\/\/www.pgd-rakek.si\/?p=5173"},"modified":"2015-09-29T10:02:39","modified_gmt":"2015-09-29T09:02:39","slug":"obcinsko-tekmovanje-ctif","status":"publish","type":"post","link":"https:\/\/www.pgd-rakek.si\/?p=5173","title":{"rendered":"Ob\u010dinsko tekmovanje CTIF"},"content":{"rendered":"<p style=\"text-align: justify\">V soboto, 26. septembra 2015 je potekalo ob\u010dinsko tekmovanje CTIF v organizaciji sektorja Rakek. V \u0161portnem parku na Rakeku so gasilci vseh starostnih skupin iz GZ Cerknica in GZ Lo\u0161ka dolina tekmovali v gasilsko \u0161portnih disciplinah. Na\u0161e dru\u0161tvo je na tekmovanju\u00a0sodelovalo s petimi ekipami, po ena ekipa iz kategorije pionirjev, mladincev, \u010dlanov A, \u010dlanov B in starej\u0161ih gasilcev. \u00a0Vsem ekipam, razen pionirjem, ki so imeli smolo pri razvr\u0161\u010danju, se je uspelo uvrstiti na regijsko tekmovanje, ki bo 3.10.2015 na Rakeku. Tako so pionirji osvojili kon\u010dno 5. mesto, mladinci 1. mesto, \u010dlani A 2.\u00a0mesto, \u010dlani B 1.\u00a0mesto in starej\u0161i gasilci 1. mesto. Poleg sodelovanja s tekmovalnimi ekipami smo sodelovali tudi pri organizaciji in pripravi tekmovali\u0161\u010da s tehni\u010dno ekipo, redarji in spremljevalci ekip.\u00a0Vsem \u010destitamo za dose\u017eene rezultate in se zahvaljujemo za pomo\u010d! \u010caka nas \u0161e drugi del, organizacija regijskega tekmovanja CTIF.<\/p>\n<p style=\"text-align: center\"><a href=\"http:\/\/www.pgd-rakek.si\/wp-content\/uploads\/2015\/09\/10649814_10205025081531521_5276628380564069498_n.jpg\"><img loading=\"lazy\" decoding=\"async\" class=\"aligncenter size-medium wp-image-5184\" src=\"http:\/\/www.pgd-rakek.si\/wp-content\/uploads\/2015\/09\/10649814_10205025081531521_5276628380564069498_n-300x169.jpg\" alt=\"10649814_10205025081531521_5276628380564069498_n\" width=\"300\" height=\"169\" srcset=\"https:\/\/www.pgd-rakek.si\/wp-content\/uploads\/2015\/09\/10649814_10205025081531521_5276628380564069498_n-300x169.jpg 300w, https:\/\/www.pgd-rakek.si\/wp-content\/uploads\/2015\/09\/10649814_10205025081531521_5276628380564069498_n.jpg 720w\" sizes=\"auto, (max-width: 300px) 100vw, 300px\" \/><\/a><\/p>\n","protected":false},"excerpt":{"rendered":"<p>V soboto, 26. septembra 2015 je potekalo ob\u010dinsko tekmovanje CTIF v organizaciji sektorja Rakek. V \u0161portnem parku na Rakeku so gasilci vseh starostnih skupin iz GZ Cerknica in GZ Lo\u0161ka dolina tekmovali v gasilsko \u0161portnih disciplinah. Na\u0161e dru\u0161tvo je na tekmovanju\u00a0sodelovalo s petimi ekipami, po ena ekipa iz kategorije pionirjev, mladincev, \u010dlanov A, \u010dlanov B [&hellip;]<\/p>\n","protected":false},"author":3,"featured_media":0,"comment_status":"closed","ping_status":"closed","sticky":false,"template":"","format":"standard","meta":{"footnotes":""},"categories":[6,23],"tags":[],"class_list":["post-5173","post","type-post","status-publish","format-standard","hentry","category-tekmovanja","category-tekmovanja-2015"],"_links":{"self":[{"href":"https:\/\/www.pgd-rakek.si\/index.php?rest_route=\/wp\/v2\/posts\/5173","targetHints":{"allow":["GET"]}}],"collection":[{"href":"https:\/\/www.pgd-rakek.si\/index.php?rest_route=\/wp\/v2\/posts"}],"about":[{"href":"https:\/\/www.pgd-rakek.si\/index.php?rest_route=\/wp\/v2\/types\/post"}],"author":[{"embeddable":true,"href":"https:\/\/www.pgd-rakek.si\/index.php?rest_route=\/wp\/v2\/users\/3"}],"replies":[{"embeddable":true,"href":"https:\/\/www.pgd-rakek.si\/index.php?rest_route=%2Fwp%2Fv2%2Fcomments&post=5173"}],"version-history":[{"count":2,"href":"https:\/\/www.pgd-rakek.si\/index.php?rest_route=\/wp\/v2\/posts\/5173\/revisions"}],"predecessor-version":[{"id":5185,"href":"https:\/\/www.pgd-rakek.si\/index.php?rest_route=\/wp\/v2\/posts\/5173\/revisions\/5185"}],"wp:attachment":[{"href":"https:\/\/www.pgd-rakek.si\/index.php?rest_route=%2Fwp%2Fv2%2Fmedia&parent=5173"}],"wp:term":[{"taxonomy":"category","embeddable":true,"href":"https:\/\/www.pgd-rakek.si\/index.php?rest_route=%2Fwp%2Fv2%2Fcategories&post=5173"},{"taxonomy":"post_tag","embeddable":true,"href":"https:\/\/www.pgd-rakek.si\/index.php?rest_route=%2Fwp%2Fv2%2Ftags&post=5173"}],"curies":[{"name":"wp","href":"https:\/\/api.w.org\/{rel}","templated":true}]}}