{"id":4683,"date":"2015-04-25T13:49:34","date_gmt":"2015-04-25T12:49:34","guid":{"rendered":"http:\/\/www.pgd-rakek.si\/?p=4683"},"modified":"2015-05-04T06:17:58","modified_gmt":"2015-05-04T05:17:58","slug":"cistilna-akcija-v-rakovem-skocjanu-2","status":"publish","type":"post","link":"https:\/\/www.pgd-rakek.si\/?p=4683","title":{"rendered":"\u010cistilna akcija v Rakovem \u0160kocjanu"},"content":{"rendered":"<p style=\"text-align: justify\">Tudi letos smo \u010dlani Prostovoljnega gasilskega dru\u0161tva Rakek sodelovali na \u010distilni akciji v Rakovem \u0160kocjanu, katero \u017ee od za\u010detka osemdesetih let tradicionalno organizirajo \u010dlani Jamarskega dru\u0161tva Rakek. Tako smo jamarjem pomagali z GVGP-1 in prikolico, pri samem \u010di\u0161\u010denju pa je sodelovala\u00a0mladina PGD Rakek.\u00a0Tako kot upajo jamarji, upamo tudi mi, da se bo koli\u010dina smeti, zmanj\u0161evala in bodo obiskovalci tega prelepega konca Slovenije bolj vestno pospravljali za seboj. Rakov\u0161kim jamarjem pa se zahvaljujemo za povabilo, dobro organizacijo in pogostitev na koncu. Ve\u010d o akciji pa <a href=\"http:\/\/www.jd-rakek.com\/index.php\/novice\/akcije\/209-cistilna-akcija-v-rakovem-skocjanu-25-04-2015\">tule<\/a>.<\/p>\n<p style=\"text-align: center\"><a href=\"http:\/\/www.pgd-rakek.si\/wp-content\/uploads\/2015\/04\/02.jpg\"><img loading=\"lazy\" decoding=\"async\" class=\"aligncenter size-medium wp-image-4716\" src=\"http:\/\/www.pgd-rakek.si\/wp-content\/uploads\/2015\/04\/02-300x169.jpg\" alt=\"02\" width=\"300\" height=\"169\" srcset=\"https:\/\/www.pgd-rakek.si\/wp-content\/uploads\/2015\/04\/02-300x169.jpg 300w, https:\/\/www.pgd-rakek.si\/wp-content\/uploads\/2015\/04\/02-1024x576.jpg 1024w\" sizes=\"auto, (max-width: 300px) 100vw, 300px\" \/><\/a><\/p>\n<p style=\"text-align: center\">Foto: <a href=\"http:\/\/www.jd-rakek.com\/\">Jamarsko dru\u0161tvo Rakek<\/a><\/p>\n","protected":false},"excerpt":{"rendered":"<p>Tudi letos smo \u010dlani Prostovoljnega gasilskega dru\u0161tva Rakek sodelovali na \u010distilni akciji v Rakovem \u0160kocjanu, katero \u017ee od za\u010detka osemdesetih let tradicionalno organizirajo \u010dlani Jamarskega dru\u0161tva Rakek. Tako smo jamarjem pomagali z GVGP-1 in prikolico, pri samem \u010di\u0161\u010denju pa je sodelovala\u00a0mladina PGD Rakek.\u00a0Tako kot upajo jamarji, upamo tudi mi, da se bo koli\u010dina smeti, zmanj\u0161evala [&hellip;]<\/p>\n","protected":false},"author":3,"featured_media":0,"comment_status":"closed","ping_status":"closed","sticky":false,"template":"","format":"standard","meta":{"footnotes":""},"categories":[5,22],"tags":[],"class_list":["post-4683","post","type-post","status-publish","format-standard","hentry","category-novice","category-novice-2015"],"_links":{"self":[{"href":"https:\/\/www.pgd-rakek.si\/index.php?rest_route=\/wp\/v2\/posts\/4683","targetHints":{"allow":["GET"]}}],"collection":[{"href":"https:\/\/www.pgd-rakek.si\/index.php?rest_route=\/wp\/v2\/posts"}],"about":[{"href":"https:\/\/www.pgd-rakek.si\/index.php?rest_route=\/wp\/v2\/types\/post"}],"author":[{"embeddable":true,"href":"https:\/\/www.pgd-rakek.si\/index.php?rest_route=\/wp\/v2\/users\/3"}],"replies":[{"embeddable":true,"href":"https:\/\/www.pgd-rakek.si\/index.php?rest_route=%2Fwp%2Fv2%2Fcomments&post=4683"}],"version-history":[{"count":5,"href":"https:\/\/www.pgd-rakek.si\/index.php?rest_route=\/wp\/v2\/posts\/4683\/revisions"}],"predecessor-version":[{"id":4717,"href":"https:\/\/www.pgd-rakek.si\/index.php?rest_route=\/wp\/v2\/posts\/4683\/revisions\/4717"}],"wp:attachment":[{"href":"https:\/\/www.pgd-rakek.si\/index.php?rest_route=%2Fwp%2Fv2%2Fmedia&parent=4683"}],"wp:term":[{"taxonomy":"category","embeddable":true,"href":"https:\/\/www.pgd-rakek.si\/index.php?rest_route=%2Fwp%2Fv2%2Fcategories&post=4683"},{"taxonomy":"post_tag","embeddable":true,"href":"https:\/\/www.pgd-rakek.si\/index.php?rest_route=%2Fwp%2Fv2%2Ftags&post=4683"}],"curies":[{"name":"wp","href":"https:\/\/api.w.org\/{rel}","templated":true}]}}