{"id":4572,"date":"2015-03-28T11:39:42","date_gmt":"2015-03-28T10:39:42","guid":{"rendered":"http:\/\/www.pgd-rakek.si\/?p=4572"},"modified":"2015-03-29T11:45:23","modified_gmt":"2015-03-29T10:45:23","slug":"drzavni-gasilski-kviz","status":"publish","type":"post","link":"https:\/\/www.pgd-rakek.si\/?p=4572","title":{"rendered":"Dr\u017eavni gasilski kviz"},"content":{"rendered":"<p style=\"text-align: justify\">V\u00a0soboto, 28. marca\u00a02015, je v prostorih\u00a0O\u0160 Franceta Pre\u0161erna v Kranju, potekalo 14.\u00a0dr\u017eavno\u00a0tekmovanje v gasilskem kvizu na katerem je\u00a0na\u0161e dru\u0161tvo zastopala ekipa mladincev (Luka Zalar, Bla\u017e Banfi in Jan Iler\u0161i\u010d). Ekipa je tekmovanje kon\u010dala\u00a0na 14. mestu ter\u00a0tako\u00a0odli\u010dno zastopala PGD Rakek.\u00a0\u010cestitamo!<\/p>\n<p style=\"text-align: center\"><a href=\"http:\/\/www.pgd-rakek.si\/wp-content\/uploads\/2015\/03\/11057328_10203937798830133_1915744328754223819_n.jpg\"><img loading=\"lazy\" decoding=\"async\" class=\"aligncenter size-medium wp-image-4573\" src=\"http:\/\/www.pgd-rakek.si\/wp-content\/uploads\/2015\/03\/11057328_10203937798830133_1915744328754223819_n-300x169.jpg\" alt=\"11057328_10203937798830133_1915744328754223819_n\" width=\"300\" height=\"169\" srcset=\"https:\/\/www.pgd-rakek.si\/wp-content\/uploads\/2015\/03\/11057328_10203937798830133_1915744328754223819_n-300x169.jpg 300w, https:\/\/www.pgd-rakek.si\/wp-content\/uploads\/2015\/03\/11057328_10203937798830133_1915744328754223819_n.jpg 960w\" sizes=\"auto, (max-width: 300px) 100vw, 300px\" \/><\/a><\/p>\n","protected":false},"excerpt":{"rendered":"<p>V\u00a0soboto, 28. marca\u00a02015, je v prostorih\u00a0O\u0160 Franceta Pre\u0161erna v Kranju, potekalo 14.\u00a0dr\u017eavno\u00a0tekmovanje v gasilskem kvizu na katerem je\u00a0na\u0161e dru\u0161tvo zastopala ekipa mladincev (Luka Zalar, Bla\u017e Banfi in Jan Iler\u0161i\u010d). Ekipa je tekmovanje kon\u010dala\u00a0na 14. mestu ter\u00a0tako\u00a0odli\u010dno zastopala PGD Rakek.\u00a0\u010cestitamo!<\/p>\n","protected":false},"author":3,"featured_media":0,"comment_status":"closed","ping_status":"closed","sticky":false,"template":"","format":"standard","meta":{"footnotes":""},"categories":[25,26],"tags":[],"class_list":["post-4572","post","type-post","status-publish","format-standard","hentry","category-mladina","category-mladina-2015"],"_links":{"self":[{"href":"https:\/\/www.pgd-rakek.si\/index.php?rest_route=\/wp\/v2\/posts\/4572","targetHints":{"allow":["GET"]}}],"collection":[{"href":"https:\/\/www.pgd-rakek.si\/index.php?rest_route=\/wp\/v2\/posts"}],"about":[{"href":"https:\/\/www.pgd-rakek.si\/index.php?rest_route=\/wp\/v2\/types\/post"}],"author":[{"embeddable":true,"href":"https:\/\/www.pgd-rakek.si\/index.php?rest_route=\/wp\/v2\/users\/3"}],"replies":[{"embeddable":true,"href":"https:\/\/www.pgd-rakek.si\/index.php?rest_route=%2Fwp%2Fv2%2Fcomments&post=4572"}],"version-history":[{"count":4,"href":"https:\/\/www.pgd-rakek.si\/index.php?rest_route=\/wp\/v2\/posts\/4572\/revisions"}],"predecessor-version":[{"id":4577,"href":"https:\/\/www.pgd-rakek.si\/index.php?rest_route=\/wp\/v2\/posts\/4572\/revisions\/4577"}],"wp:attachment":[{"href":"https:\/\/www.pgd-rakek.si\/index.php?rest_route=%2Fwp%2Fv2%2Fmedia&parent=4572"}],"wp:term":[{"taxonomy":"category","embeddable":true,"href":"https:\/\/www.pgd-rakek.si\/index.php?rest_route=%2Fwp%2Fv2%2Fcategories&post=4572"},{"taxonomy":"post_tag","embeddable":true,"href":"https:\/\/www.pgd-rakek.si\/index.php?rest_route=%2Fwp%2Fv2%2Ftags&post=4572"}],"curies":[{"name":"wp","href":"https:\/\/api.w.org\/{rel}","templated":true}]}}