{"id":4543,"date":"2015-03-14T10:04:12","date_gmt":"2015-03-14T09:04:12","guid":{"rendered":"http:\/\/www.pgd-rakek.si\/?p=4543"},"modified":"2015-03-15T20:30:40","modified_gmt":"2015-03-15T19:30:40","slug":"4543","status":"publish","type":"post","link":"https:\/\/www.pgd-rakek.si\/?p=4543","title":{"rendered":"Regijski gasilski kviz"},"content":{"rendered":"<p style=\"text-align: justify\">V\u00a0soboto 14. marca\u00a02014, je v prostorih\u00a0O\u0160 heroja Janeza Hribarja v Starem trgu pri Lo\u017eu, potekalo regijsko tekmovanje v gasilskem kvizu na katerem je\u00a0na\u0161e dru\u0161tvo zastopala ekipa mladincev (Luka Zalar, Bla\u017e Banfi in Jan Iler\u0161i\u010d). Ekipa je tekmovanje kon\u010dala na 1. mestu v svoji kategoriji in se tako uvrstila na dr\u017eavno tekmovanje, ki bo 28.3.2015 v Kranju. \u010cestitamo!<\/p>\n<p style=\"text-align: center\"><a href=\"http:\/\/www.pgd-rakek.si\/wp-content\/uploads\/2015\/03\/1610892_10203856710402973_3789427375069079982_n.jpg\"><img loading=\"lazy\" decoding=\"async\" class=\"aligncenter size-medium wp-image-4544\" src=\"http:\/\/www.pgd-rakek.si\/wp-content\/uploads\/2015\/03\/1610892_10203856710402973_3789427375069079982_n-300x169.jpg\" alt=\"1610892_10203856710402973_3789427375069079982_n\" width=\"300\" height=\"169\" srcset=\"https:\/\/www.pgd-rakek.si\/wp-content\/uploads\/2015\/03\/1610892_10203856710402973_3789427375069079982_n-300x169.jpg 300w, https:\/\/www.pgd-rakek.si\/wp-content\/uploads\/2015\/03\/1610892_10203856710402973_3789427375069079982_n.jpg 960w\" sizes=\"auto, (max-width: 300px) 100vw, 300px\" \/><\/a><\/p>\n","protected":false},"excerpt":{"rendered":"<p>V\u00a0soboto 14. marca\u00a02014, je v prostorih\u00a0O\u0160 heroja Janeza Hribarja v Starem trgu pri Lo\u017eu, potekalo regijsko tekmovanje v gasilskem kvizu na katerem je\u00a0na\u0161e dru\u0161tvo zastopala ekipa mladincev (Luka Zalar, Bla\u017e Banfi in Jan Iler\u0161i\u010d). Ekipa je tekmovanje kon\u010dala na 1. mestu v svoji kategoriji in se tako uvrstila na dr\u017eavno tekmovanje, ki bo 28.3.2015 v [&hellip;]<\/p>\n","protected":false},"author":3,"featured_media":0,"comment_status":"closed","ping_status":"closed","sticky":false,"template":"","format":"standard","meta":{"footnotes":""},"categories":[25,26],"tags":[],"class_list":["post-4543","post","type-post","status-publish","format-standard","hentry","category-mladina","category-mladina-2015"],"_links":{"self":[{"href":"https:\/\/www.pgd-rakek.si\/index.php?rest_route=\/wp\/v2\/posts\/4543","targetHints":{"allow":["GET"]}}],"collection":[{"href":"https:\/\/www.pgd-rakek.si\/index.php?rest_route=\/wp\/v2\/posts"}],"about":[{"href":"https:\/\/www.pgd-rakek.si\/index.php?rest_route=\/wp\/v2\/types\/post"}],"author":[{"embeddable":true,"href":"https:\/\/www.pgd-rakek.si\/index.php?rest_route=\/wp\/v2\/users\/3"}],"replies":[{"embeddable":true,"href":"https:\/\/www.pgd-rakek.si\/index.php?rest_route=%2Fwp%2Fv2%2Fcomments&post=4543"}],"version-history":[{"count":3,"href":"https:\/\/www.pgd-rakek.si\/index.php?rest_route=\/wp\/v2\/posts\/4543\/revisions"}],"predecessor-version":[{"id":4547,"href":"https:\/\/www.pgd-rakek.si\/index.php?rest_route=\/wp\/v2\/posts\/4543\/revisions\/4547"}],"wp:attachment":[{"href":"https:\/\/www.pgd-rakek.si\/index.php?rest_route=%2Fwp%2Fv2%2Fmedia&parent=4543"}],"wp:term":[{"taxonomy":"category","embeddable":true,"href":"https:\/\/www.pgd-rakek.si\/index.php?rest_route=%2Fwp%2Fv2%2Fcategories&post=4543"},{"taxonomy":"post_tag","embeddable":true,"href":"https:\/\/www.pgd-rakek.si\/index.php?rest_route=%2Fwp%2Fv2%2Ftags&post=4543"}],"curies":[{"name":"wp","href":"https:\/\/api.w.org\/{rel}","templated":true}]}}