{"id":4337,"date":"2015-01-31T06:22:59","date_gmt":"2015-01-31T06:22:59","guid":{"rendered":"http:\/\/www.pgd-rakek.si\/?p=4337"},"modified":"2015-02-03T06:10:29","modified_gmt":"2015-02-03T06:10:29","slug":"obcni-zbor-pgd-rakek-3","status":"publish","type":"post","link":"https:\/\/www.pgd-rakek.si\/?p=4337","title":{"rendered":"Ob\u010dni zbor PGD Rakek"},"content":{"rendered":"<p style=\"text-align: justify\">V prostorih Prostovoljnega gasilskega dru\u0161tva Rakek\u00a0je 31.1.2015\u00a0potekal redni letni ob\u010dni zbor, na katerem smo predstavili delo dru\u0161tva v letu 2014, potrdili naloge ter cilje za leto 2015.\u00a0Ob\u010dnega zbora so se poleg \u010dlanov udele\u017eili tudi \u017eupan Marko Rupar, predstavnica\u00a0GZ Cerknica Pavla Ponikvar, poveljnik Notranjske regije Rok Leskovec, predstavniki PGD Unec,\u00a0PGD Ivanje selo,\u00a0PGD Laze &#8211; Jakovica in PGD Postojna ter ostali gosti. V zahvalo za nesebi\u010dno pomo\u010d gasilcem za \u010das \u017eledu, smo podelili tudi tri dru\u0161tvene zahvale.<\/p>\n<ul>\n<li style=\"text-align: justify\"><a href=\"http:\/\/www.pgd-rakek.si\/wp-content\/uploads\/2015\/01\/Poro\u010dilo-in-plan-poveljnika.pdf\">Poro\u010dilo in plan poveljnika<\/a><\/li>\n<li style=\"text-align: justify\"><a href=\"http:\/\/www.pgd-rakek.si\/wp-content\/uploads\/2015\/02\/Poro\u010dilo-in-plan-predsednika.pdf\">Poro\u010dilo in plan predsednika<\/a><\/li>\n<\/ul>\n<p style=\"text-align: center\"><a href=\"http:\/\/www.pgd-rakek.si\/wp-content\/uploads\/2015\/02\/20150131_190342.jpg\"><img loading=\"lazy\" decoding=\"async\" class=\"aligncenter size-medium wp-image-4340\" src=\"http:\/\/www.pgd-rakek.si\/wp-content\/uploads\/2015\/02\/20150131_190342-300x169.jpg\" alt=\"20150131_190342\" width=\"300\" height=\"169\" srcset=\"https:\/\/www.pgd-rakek.si\/wp-content\/uploads\/2015\/02\/20150131_190342-300x169.jpg 300w, https:\/\/www.pgd-rakek.si\/wp-content\/uploads\/2015\/02\/20150131_190342-1024x576.jpg 1024w\" sizes=\"auto, (max-width: 300px) 100vw, 300px\" \/><\/a><\/p>\n","protected":false},"excerpt":{"rendered":"<p>V prostorih Prostovoljnega gasilskega dru\u0161tva Rakek\u00a0je 31.1.2015\u00a0potekal redni letni ob\u010dni zbor, na katerem smo predstavili delo dru\u0161tva v letu 2014, potrdili naloge ter cilje za leto 2015.\u00a0Ob\u010dnega zbora so se poleg \u010dlanov udele\u017eili tudi \u017eupan Marko Rupar, predstavnica\u00a0GZ Cerknica Pavla Ponikvar, poveljnik Notranjske regije Rok Leskovec, predstavniki PGD Unec,\u00a0PGD Ivanje selo,\u00a0PGD Laze &#8211; Jakovica in [&hellip;]<\/p>\n","protected":false},"author":3,"featured_media":0,"comment_status":"closed","ping_status":"closed","sticky":false,"template":"","format":"standard","meta":{"footnotes":""},"categories":[5,22],"tags":[],"class_list":["post-4337","post","type-post","status-publish","format-standard","hentry","category-novice","category-novice-2015"],"_links":{"self":[{"href":"https:\/\/www.pgd-rakek.si\/index.php?rest_route=\/wp\/v2\/posts\/4337","targetHints":{"allow":["GET"]}}],"collection":[{"href":"https:\/\/www.pgd-rakek.si\/index.php?rest_route=\/wp\/v2\/posts"}],"about":[{"href":"https:\/\/www.pgd-rakek.si\/index.php?rest_route=\/wp\/v2\/types\/post"}],"author":[{"embeddable":true,"href":"https:\/\/www.pgd-rakek.si\/index.php?rest_route=\/wp\/v2\/users\/3"}],"replies":[{"embeddable":true,"href":"https:\/\/www.pgd-rakek.si\/index.php?rest_route=%2Fwp%2Fv2%2Fcomments&post=4337"}],"version-history":[{"count":2,"href":"https:\/\/www.pgd-rakek.si\/index.php?rest_route=\/wp\/v2\/posts\/4337\/revisions"}],"predecessor-version":[{"id":4343,"href":"https:\/\/www.pgd-rakek.si\/index.php?rest_route=\/wp\/v2\/posts\/4337\/revisions\/4343"}],"wp:attachment":[{"href":"https:\/\/www.pgd-rakek.si\/index.php?rest_route=%2Fwp%2Fv2%2Fmedia&parent=4337"}],"wp:term":[{"taxonomy":"category","embeddable":true,"href":"https:\/\/www.pgd-rakek.si\/index.php?rest_route=%2Fwp%2Fv2%2Fcategories&post=4337"},{"taxonomy":"post_tag","embeddable":true,"href":"https:\/\/www.pgd-rakek.si\/index.php?rest_route=%2Fwp%2Fv2%2Ftags&post=4337"}],"curies":[{"name":"wp","href":"https:\/\/api.w.org\/{rel}","templated":true}]}}