{"id":4297,"date":"2015-01-24T17:00:51","date_gmt":"2015-01-24T17:00:51","guid":{"rendered":"http:\/\/www.pgd-rakek.si\/?p=4297"},"modified":"2015-01-26T07:39:59","modified_gmt":"2015-01-26T07:39:59","slug":"zbor-mladih-24-1-2015","status":"publish","type":"post","link":"https:\/\/www.pgd-rakek.si\/?p=4297","title":{"rendered":"Zbor mladih 24.1.2015"},"content":{"rendered":"<p style=\"text-align: justify\">V soboto,24.1.2015 je bil v na\u0161em dru\u0161tvu Zbor mladih. Po pozdravnem nagovoru predsednika dru\u0161tva Drole Klemena so vodenje zbora prevzeli na\u0161i najmlaj\u0161i. Nadvse uspe\u0161no ga je vodila Jana Jane\u0161. Prvo poro\u010dilo je prebral predsednik mladine Matja\u017e Iler\u0161i,\u00a0 nato so mladinci in pionirji prebrali \u0161e svoja poro\u010dila iz tekmovanj in sre\u010danj, ki so jih imeli v lanskem letu. Poro\u010dila so pripravili o tekmovanjih iz ob\u010dinske in regijske orientacije, dr\u017eavnega tekmovanja za memorial Matev\u017ea Haceta, tekmovanju pionirjev za pokal Rudolfa Maistra, ob\u010dinskem tekmovanju Martina Krpana ter ob\u010dinskega in regijskega kviza. Mladi so na zboru povedali tudi svoje \u017eelje za leto\u0161nje leto, ki jih je zapisnikar Sanja Zalar tudi zapisala in jih bosta delegata Maja Ben\u010dan in Jan Iler\u0161i\u010d na Ob\u010dnem zboru dru\u0161tva naslednjo soboto tudi predstavila ostalim \u010dlanom. Sledila je podelitev zahval in potrdil za vstop novih \u010dlanov. Na koncu so nekaj vzpodbudnih besed mladini namenili tudi predsednik dru\u0161tva Klemen Drole, poveljnik dru\u0161tva Klemen Purkart in vodja \u010dlanic Ana \u0160ivec. Po slavnostnem delu je sledila pogostitev in zabava s karaokami.<a href=\"http:\/\/www.pgd-rakek.si\/wp-content\/uploads\/2015\/01\/Zbor-mladih-2015-1.jpg\"><img loading=\"lazy\" decoding=\"async\" class=\"alignnone size-medium wp-image-4302 aligncenter\" src=\"http:\/\/www.pgd-rakek.si\/wp-content\/uploads\/2015\/01\/Zbor-mladih-2015-1-300x169.jpg\" alt=\"Zbor mladih 2015-1\" width=\"300\" height=\"169\" srcset=\"https:\/\/www.pgd-rakek.si\/wp-content\/uploads\/2015\/01\/Zbor-mladih-2015-1-300x169.jpg 300w, https:\/\/www.pgd-rakek.si\/wp-content\/uploads\/2015\/01\/Zbor-mladih-2015-1-1024x576.jpg 1024w, https:\/\/www.pgd-rakek.si\/wp-content\/uploads\/2015\/01\/Zbor-mladih-2015-1.jpg 1920w\" sizes=\"auto, (max-width: 300px) 100vw, 300px\" \/><\/a><\/p>\n","protected":false},"excerpt":{"rendered":"<p>V soboto,24.1.2015 je bil v na\u0161em dru\u0161tvu Zbor mladih. Po pozdravnem nagovoru predsednika dru\u0161tva Drole Klemena so vodenje zbora prevzeli na\u0161i najmlaj\u0161i. Nadvse uspe\u0161no ga je vodila Jana Jane\u0161. Prvo poro\u010dilo je prebral predsednik mladine Matja\u017e Iler\u0161i,\u00a0 nato so mladinci in pionirji prebrali \u0161e svoja poro\u010dila iz tekmovanj in sre\u010danj, ki so jih imeli v [&hellip;]<\/p>\n","protected":false},"author":15,"featured_media":0,"comment_status":"closed","ping_status":"closed","sticky":false,"template":"","format":"standard","meta":{"footnotes":""},"categories":[25,26],"tags":[],"class_list":["post-4297","post","type-post","status-publish","format-standard","hentry","category-mladina","category-mladina-2015"],"_links":{"self":[{"href":"https:\/\/www.pgd-rakek.si\/index.php?rest_route=\/wp\/v2\/posts\/4297","targetHints":{"allow":["GET"]}}],"collection":[{"href":"https:\/\/www.pgd-rakek.si\/index.php?rest_route=\/wp\/v2\/posts"}],"about":[{"href":"https:\/\/www.pgd-rakek.si\/index.php?rest_route=\/wp\/v2\/types\/post"}],"author":[{"embeddable":true,"href":"https:\/\/www.pgd-rakek.si\/index.php?rest_route=\/wp\/v2\/users\/15"}],"replies":[{"embeddable":true,"href":"https:\/\/www.pgd-rakek.si\/index.php?rest_route=%2Fwp%2Fv2%2Fcomments&post=4297"}],"version-history":[{"count":14,"href":"https:\/\/www.pgd-rakek.si\/index.php?rest_route=\/wp\/v2\/posts\/4297\/revisions"}],"predecessor-version":[{"id":4315,"href":"https:\/\/www.pgd-rakek.si\/index.php?rest_route=\/wp\/v2\/posts\/4297\/revisions\/4315"}],"wp:attachment":[{"href":"https:\/\/www.pgd-rakek.si\/index.php?rest_route=%2Fwp%2Fv2%2Fmedia&parent=4297"}],"wp:term":[{"taxonomy":"category","embeddable":true,"href":"https:\/\/www.pgd-rakek.si\/index.php?rest_route=%2Fwp%2Fv2%2Fcategories&post=4297"},{"taxonomy":"post_tag","embeddable":true,"href":"https:\/\/www.pgd-rakek.si\/index.php?rest_route=%2Fwp%2Fv2%2Ftags&post=4297"}],"curies":[{"name":"wp","href":"https:\/\/api.w.org\/{rel}","templated":true}]}}