{"id":4213,"date":"2015-01-16T19:39:42","date_gmt":"2015-01-16T19:39:42","guid":{"rendered":"http:\/\/www.pgd-rakek.si\/?p=4213"},"modified":"2015-02-05T08:38:59","modified_gmt":"2015-02-05T08:38:59","slug":"4213","status":"publish","type":"post","link":"https:\/\/www.pgd-rakek.si\/?p=4213","title":{"rendered":"Priprave na ob\u010dni zbor mladine"},"content":{"rendered":"<p style=\"text-align: justify\">13. januarja 2015 smo imeli v gasilskem domu priprave na zbor mladih. Tam smo se\u00a0dogovarjali in dolo\u010dili kdo bo kaj prebral ter kako bo zbor potekal. Na\u00a0pripravah sta bila od mentorjev prisotna Bla\u017e Mekina in Matja\u017e Iler\u0161i\u010d, katera sta nam pomagala pri\u00a0pripravah, ter mladinci in pionirji. Bilo je zelo zabavno in\u00a0veselo vzdu\u0161je. Brali smo poro\u010dila, ki smo jih napisali sami doma za\u00a0razli\u010dna tekmovanja, pisali smo razne \u017eelje, ki si jih \u017eelimo v tem letu\u00a0(od opreme do orodja) ter dolo\u010dili vodjo zbora in zapisnikarja.<\/p>\n<p style=\"text-align: justify\">Tanja Zalar<\/p>\n<p style=\"text-align: center\"><a href=\"http:\/\/www.pgd-rakek.si\/wp-content\/uploads\/DSC_0564.jpg\"><img loading=\"lazy\" decoding=\"async\" class=\"aligncenter size-medium wp-image-4214\" src=\"http:\/\/www.pgd-rakek.si\/wp-content\/uploads\/DSC_0564-300x169.jpg\" alt=\"DSC_0564\" width=\"300\" height=\"169\" srcset=\"https:\/\/www.pgd-rakek.si\/wp-content\/uploads\/DSC_0564-300x169.jpg 300w, https:\/\/www.pgd-rakek.si\/wp-content\/uploads\/DSC_0564-1024x576.jpg 1024w\" sizes=\"auto, (max-width: 300px) 100vw, 300px\" \/><\/a><\/p>\n<p style=\"text-align: center\"><a href=\"http:\/\/www.pgd-rakek.si\/wp-content\/uploads\/DSC_0566.jpg\"><img loading=\"lazy\" decoding=\"async\" class=\"aligncenter size-medium wp-image-4215\" src=\"http:\/\/www.pgd-rakek.si\/wp-content\/uploads\/DSC_0566-300x169.jpg\" alt=\"DSC_0566\" width=\"300\" height=\"169\" srcset=\"https:\/\/www.pgd-rakek.si\/wp-content\/uploads\/DSC_0566-300x169.jpg 300w, https:\/\/www.pgd-rakek.si\/wp-content\/uploads\/DSC_0566-1024x576.jpg 1024w\" sizes=\"auto, (max-width: 300px) 100vw, 300px\" \/><\/a><\/p>\n","protected":false},"excerpt":{"rendered":"<p>13. januarja 2015 smo imeli v gasilskem domu priprave na zbor mladih. Tam smo se\u00a0dogovarjali in dolo\u010dili kdo bo kaj prebral ter kako bo zbor potekal. Na\u00a0pripravah sta bila od mentorjev prisotna Bla\u017e Mekina in Matja\u017e Iler\u0161i\u010d, katera sta nam pomagala pri\u00a0pripravah, ter mladinci in pionirji. Bilo je zelo zabavno in\u00a0veselo vzdu\u0161je. Brali smo poro\u010dila, [&hellip;]<\/p>\n","protected":false},"author":3,"featured_media":0,"comment_status":"closed","ping_status":"closed","sticky":false,"template":"","format":"standard","meta":{"footnotes":""},"categories":[25,26],"tags":[],"class_list":["post-4213","post","type-post","status-publish","format-standard","hentry","category-mladina","category-mladina-2015"],"_links":{"self":[{"href":"https:\/\/www.pgd-rakek.si\/index.php?rest_route=\/wp\/v2\/posts\/4213","targetHints":{"allow":["GET"]}}],"collection":[{"href":"https:\/\/www.pgd-rakek.si\/index.php?rest_route=\/wp\/v2\/posts"}],"about":[{"href":"https:\/\/www.pgd-rakek.si\/index.php?rest_route=\/wp\/v2\/types\/post"}],"author":[{"embeddable":true,"href":"https:\/\/www.pgd-rakek.si\/index.php?rest_route=\/wp\/v2\/users\/3"}],"replies":[{"embeddable":true,"href":"https:\/\/www.pgd-rakek.si\/index.php?rest_route=%2Fwp%2Fv2%2Fcomments&post=4213"}],"version-history":[{"count":2,"href":"https:\/\/www.pgd-rakek.si\/index.php?rest_route=\/wp\/v2\/posts\/4213\/revisions"}],"predecessor-version":[{"id":4217,"href":"https:\/\/www.pgd-rakek.si\/index.php?rest_route=\/wp\/v2\/posts\/4213\/revisions\/4217"}],"wp:attachment":[{"href":"https:\/\/www.pgd-rakek.si\/index.php?rest_route=%2Fwp%2Fv2%2Fmedia&parent=4213"}],"wp:term":[{"taxonomy":"category","embeddable":true,"href":"https:\/\/www.pgd-rakek.si\/index.php?rest_route=%2Fwp%2Fv2%2Fcategories&post=4213"},{"taxonomy":"post_tag","embeddable":true,"href":"https:\/\/www.pgd-rakek.si\/index.php?rest_route=%2Fwp%2Fv2%2Ftags&post=4213"}],"curies":[{"name":"wp","href":"https:\/\/api.w.org\/{rel}","templated":true}]}}