{"id":4201,"date":"2015-01-12T19:58:32","date_gmt":"2015-01-12T19:58:32","guid":{"rendered":"http:\/\/www.pgd-rakek.si\/?p=4201"},"modified":"2015-01-12T20:00:46","modified_gmt":"2015-01-12T20:00:46","slug":"prostovoljni-gasilci-delova-osebnost-leta-2014","status":"publish","type":"post","link":"https:\/\/www.pgd-rakek.si\/?p=4201","title":{"rendered":"Prostovoljni gasilci \u2013 osebnost leta 2014"},"content":{"rendered":"<p style=\"text-align: justify\">V ponedeljek, 5. januarja 2014, je v Vite\u0161ki dvorani Kri\u017eank v Ljubljani potekala razglasitev <strong>Delove osebnosti leta 2014<\/strong>. Med desetimi nominiranci so bili tudi na\u0161i prostovoljni gasilci.\u00a0Na slovesnosti so gasilce zastopali vodilni Gasilske zveze Slovenije \u2013 predsednik Jo\u0161t Jak\u0161a, namestnik predsednika Janko Cerkvenik, podpredsednik Milan Antolin, namestnik poveljnika Darko Muhi\u010d, Rok Leskovec, poveljnik Notranjske regije, in ve\u010d gasilcev.<\/p>\n<p style=\"text-align: justify\">Na razglasitvi Delove osebnosti leta 2014 \u2013 vodila jo je Vesna Milek, novinarka Delove Sobotne priloge \u2013 je bilo izre\u010deno: <em>\u00bbNa\u0161e civilizacije ni brez izjemnih posameznikov. Kriza je \u010das, ko besede po\u017ertvovalnost, nesebi\u010dnost, solidarnost, pomo\u010d so\u010dloveku dobivajo nov pomen. Velikokrat sli\u0161imo, da Sloveniji manjka vizije, da nam manjka zgledov, da nam manjka junakov. A to ni res.\u00ab<\/em><\/p>\n<p style=\"text-align: justify\">Mateja Babi\u010d Stermecki, odgovorna urednica Dela, je v nagovoru dejala: <em>\u00bbDeseterica nominirancev za Delovo osebnost si zaradi svojega izjemnega dela in ravnanja, s kakr\u0161nim so lahko zgled vsem dr\u017eavljanom, zaslu\u017ei visoko priznanje in spo\u0161tovanje. Vsi so pogumni, vztrajni, posebni ljudje, osebnosti, za katere smo v uredni\u0161tvu Dela presodili, da so v na\u0161i dru\u017ebi pustile svojevrsten pe\u010dat, ki prav zaradi svoje izjemnosti ne more zbledeti \u010dez no\u010d. Ostajajo navdih, ko zmanjka mo\u010di, volje, poguma. Ne vemo, s \u010dim vse nam bo postreglo leto 2015, kaj v njem nas bo \u017ealostilo in kaj nas bo navdajalo z upanjem. Vemo pa, kje smo navdih, pogum in upanje iskali v minulem letu, za katero lahko re\u010demo, da je bilo dale\u010d od tistega, ki bi si ga \u017eeleli zapisati v zgodovino sre\u010dnih in uspe\u0161nih let samostojne dr\u017eave. Navdih smo kljub vsemu lahko na\u0161li v ljudeh, kot so na\u0161i nominiranci.\u00ab R<\/em>azglasila je tudi zmagovalce \u2013 slovenske prostovoljne gasilce \u2013 in pomembno priznanje izro\u010dila predsedniku Jo\u0161tu Jak\u0161i, ki je vidno ganjen med drugim dejal: <em>&#8220;Klju\u010d do vsega je prostovoljstvo&#8221;<\/em>.<\/p>\n<p style=\"text-align: justify\"><a href=\"http:\/\/www.gasilec.net\/delova-osebnost-leta-2014-prostovoljni-gasilci\">Fotogalerija s prireditve<\/a>.<\/p>\n<p style=\"text-align: justify\"><a href=\"http:\/\/www.delo.si\/sobotna\/tovaris-si-ko-zaupas-tovarisu-svoje-zivljenje-ko-resujes.html\">\u010clanek.<\/a><\/p>\n<p style=\"text-align: justify\"><img loading=\"lazy\" decoding=\"async\" class=\"aligncenter size-medium wp-image-4202\" src=\"http:\/\/www.pgd-rakek.si\/wp-content\/uploads\/delova_osebnost_100-300x200.jpg\" alt=\"delova_osebnost_100\" width=\"300\" height=\"200\" srcset=\"https:\/\/www.pgd-rakek.si\/wp-content\/uploads\/delova_osebnost_100-300x200.jpg 300w, https:\/\/www.pgd-rakek.si\/wp-content\/uploads\/delova_osebnost_100-120x80.jpg 120w, https:\/\/www.pgd-rakek.si\/wp-content\/uploads\/delova_osebnost_100.jpg 650w\" sizes=\"auto, (max-width: 300px) 100vw, 300px\" \/><\/p>\n","protected":false},"excerpt":{"rendered":"<p>V ponedeljek, 5. januarja 2014, je v Vite\u0161ki dvorani Kri\u017eank v Ljubljani potekala razglasitev Delove osebnosti leta 2014. Med desetimi nominiranci so bili tudi na\u0161i prostovoljni gasilci.\u00a0Na slovesnosti so gasilce zastopali vodilni Gasilske zveze Slovenije \u2013 predsednik Jo\u0161t Jak\u0161a, namestnik predsednika Janko Cerkvenik, podpredsednik Milan Antolin, namestnik poveljnika Darko Muhi\u010d, Rok Leskovec, poveljnik Notranjske regije, [&hellip;]<\/p>\n","protected":false},"author":3,"featured_media":0,"comment_status":"closed","ping_status":"closed","sticky":false,"template":"","format":"standard","meta":{"footnotes":""},"categories":[5,22],"tags":[],"class_list":["post-4201","post","type-post","status-publish","format-standard","hentry","category-novice","category-novice-2015"],"_links":{"self":[{"href":"https:\/\/www.pgd-rakek.si\/index.php?rest_route=\/wp\/v2\/posts\/4201","targetHints":{"allow":["GET"]}}],"collection":[{"href":"https:\/\/www.pgd-rakek.si\/index.php?rest_route=\/wp\/v2\/posts"}],"about":[{"href":"https:\/\/www.pgd-rakek.si\/index.php?rest_route=\/wp\/v2\/types\/post"}],"author":[{"embeddable":true,"href":"https:\/\/www.pgd-rakek.si\/index.php?rest_route=\/wp\/v2\/users\/3"}],"replies":[{"embeddable":true,"href":"https:\/\/www.pgd-rakek.si\/index.php?rest_route=%2Fwp%2Fv2%2Fcomments&post=4201"}],"version-history":[{"count":4,"href":"https:\/\/www.pgd-rakek.si\/index.php?rest_route=\/wp\/v2\/posts\/4201\/revisions"}],"predecessor-version":[{"id":4206,"href":"https:\/\/www.pgd-rakek.si\/index.php?rest_route=\/wp\/v2\/posts\/4201\/revisions\/4206"}],"wp:attachment":[{"href":"https:\/\/www.pgd-rakek.si\/index.php?rest_route=%2Fwp%2Fv2%2Fmedia&parent=4201"}],"wp:term":[{"taxonomy":"category","embeddable":true,"href":"https:\/\/www.pgd-rakek.si\/index.php?rest_route=%2Fwp%2Fv2%2Fcategories&post=4201"},{"taxonomy":"post_tag","embeddable":true,"href":"https:\/\/www.pgd-rakek.si\/index.php?rest_route=%2Fwp%2Fv2%2Ftags&post=4201"}],"curies":[{"name":"wp","href":"https:\/\/api.w.org\/{rel}","templated":true}]}}