{"id":3999,"date":"2014-11-04T07:51:43","date_gmt":"2014-11-04T07:51:43","guid":{"rendered":"http:\/\/www.pgd-rakek.si\/?p=3999"},"modified":"2014-11-04T07:52:49","modified_gmt":"2014-11-04T07:52:49","slug":"regijska-teoreticna-vaja-potres-2014","status":"publish","type":"post","link":"https:\/\/www.pgd-rakek.si\/?p=3999","title":{"rendered":"Regijska teoreti\u010dna vaja potres 2014"},"content":{"rendered":"<p style=\"text-align: justify\"><span style=\"color: #808080\">V petek, 7. novembra 2014, bo med 12. in 19. uro na obmo\u010dju Notranjske potekala teoreti\u010dna regijska vaja za pripravljenost na potres. Predpostavka je, da pride v dopoldanskem \u010dasu na obmo\u010dju Sne\u017enika do potresa VIII stopnje po EMS, ki po\u0161koduje objekte in infrastrukturo v ob\u010dinah Bloke, Cerknica, Ilirska Bistrica, Lo\u0161ka dolina, Pivka in Postojna. Vaja j<\/span><span class=\"text_exposed_show\" style=\"color: #141823\"><span style=\"color: #808080\">e namenjena izbolj\u0161anju pripravljenosti \u0161tabov CZ na regijskem ter ob\u010dinskih nivojih in preverjanju in izbolj\u0161anju re\u0161itev v regijskem ter ob\u010dinskih na\u010drtih za\u0161\u010dite in re\u0161evanja. Ker gre za teoreti\u010dno, \u0161tabno vajo, bo aktiviranje enot navidezno; vodil jo bo Franc \u0160ajn, vodja Izpostave URSZR Postojna.<\/span><br \/>\n<\/span><\/p>\n<p style=\"text-align: center\"><a href=\"http:\/\/www.pgd-rakek.si\/wp-content\/uploads\/10678754_620368614752600_6363526318156677409_n.jpg\"><img loading=\"lazy\" decoding=\"async\" class=\"aligncenter size-medium wp-image-4000\" src=\"http:\/\/www.pgd-rakek.si\/wp-content\/uploads\/10678754_620368614752600_6363526318156677409_n-300x199.jpg\" alt=\"10678754_620368614752600_6363526318156677409_n\" width=\"300\" height=\"199\" srcset=\"https:\/\/www.pgd-rakek.si\/wp-content\/uploads\/10678754_620368614752600_6363526318156677409_n-300x199.jpg 300w, https:\/\/www.pgd-rakek.si\/wp-content\/uploads\/10678754_620368614752600_6363526318156677409_n-120x80.jpg 120w, https:\/\/www.pgd-rakek.si\/wp-content\/uploads\/10678754_620368614752600_6363526318156677409_n.jpg 800w\" sizes=\"auto, (max-width: 300px) 100vw, 300px\" \/><\/a><\/p>\n","protected":false},"excerpt":{"rendered":"<p>V petek, 7. novembra 2014, bo med 12. in 19. uro na obmo\u010dju Notranjske potekala teoreti\u010dna regijska vaja za pripravljenost na potres. Predpostavka je, da pride v dopoldanskem \u010dasu na obmo\u010dju Sne\u017enika do potresa VIII stopnje po EMS, ki po\u0161koduje objekte in infrastrukturo v ob\u010dinah Bloke, Cerknica, Ilirska Bistrica, Lo\u0161ka dolina, Pivka in Postojna. Vaja [&hellip;]<\/p>\n","protected":false},"author":3,"featured_media":0,"comment_status":"closed","ping_status":"closed","sticky":false,"template":"","format":"standard","meta":{"footnotes":""},"categories":[5,17],"tags":[],"class_list":["post-3999","post","type-post","status-publish","format-standard","hentry","category-novice","category-novice-2014"],"_links":{"self":[{"href":"https:\/\/www.pgd-rakek.si\/index.php?rest_route=\/wp\/v2\/posts\/3999","targetHints":{"allow":["GET"]}}],"collection":[{"href":"https:\/\/www.pgd-rakek.si\/index.php?rest_route=\/wp\/v2\/posts"}],"about":[{"href":"https:\/\/www.pgd-rakek.si\/index.php?rest_route=\/wp\/v2\/types\/post"}],"author":[{"embeddable":true,"href":"https:\/\/www.pgd-rakek.si\/index.php?rest_route=\/wp\/v2\/users\/3"}],"replies":[{"embeddable":true,"href":"https:\/\/www.pgd-rakek.si\/index.php?rest_route=%2Fwp%2Fv2%2Fcomments&post=3999"}],"version-history":[{"count":3,"href":"https:\/\/www.pgd-rakek.si\/index.php?rest_route=\/wp\/v2\/posts\/3999\/revisions"}],"predecessor-version":[{"id":4003,"href":"https:\/\/www.pgd-rakek.si\/index.php?rest_route=\/wp\/v2\/posts\/3999\/revisions\/4003"}],"wp:attachment":[{"href":"https:\/\/www.pgd-rakek.si\/index.php?rest_route=%2Fwp%2Fv2%2Fmedia&parent=3999"}],"wp:term":[{"taxonomy":"category","embeddable":true,"href":"https:\/\/www.pgd-rakek.si\/index.php?rest_route=%2Fwp%2Fv2%2Fcategories&post=3999"},{"taxonomy":"post_tag","embeddable":true,"href":"https:\/\/www.pgd-rakek.si\/index.php?rest_route=%2Fwp%2Fv2%2Ftags&post=3999"}],"curies":[{"name":"wp","href":"https:\/\/api.w.org\/{rel}","templated":true}]}}