{"id":3791,"date":"2014-09-19T18:25:34","date_gmt":"2014-09-19T18:25:34","guid":{"rendered":"http:\/\/www.pgd-rakek.si\/?p=3791"},"modified":"2014-09-19T19:48:24","modified_gmt":"2014-09-19T19:48:24","slug":"obisk-ucencev-os-rakek","status":"publish","type":"post","link":"https:\/\/www.pgd-rakek.si\/?p=3791","title":{"rendered":"Obisk u\u010dencev O\u0160 Rakek"},"content":{"rendered":"<p style=\"text-align: justify\">Danes so nas v okviru izbirnega predmeta Varstvo pred naravnimi in drugimi nesre\u010dami obiskali u\u010denci\u00a0O\u0160 Jo\u017eeta Krajca Rakek. Poleg teorije, katero predelajo v u\u010dilnici, imajo del ur namenjenih tudi za prakti\u010dno delo v lokalni gasilski enoti. Tako se jim je na uvodnem delu prvega sre\u010danja predstavilo gasilsko organizacijo in pomen gasilcev v okviru varstva pred naravnimi in drugimi nesre\u010dami ter predstavilo PGD Rakek. Sledila je predstavitev osebne in skupne za\u0161\u010ditne opreme gasilca za razli\u010dna posredovanja, kjer so imeli mo\u017enost vse predstavljeno tudi preizkusiti. Zadnji del sre\u010danja je bil namenjen predstavitvi vozil in gasilsko re\u0161evalne opreme v njih. Naslednje sre\u010danje bo v\u00a0petek 26.9.2014.<\/p>\n<p style=\"text-align: center\"><a href=\"http:\/\/www.pgd-rakek.si\/wp-content\/uploads\/10628918_10204899474717473_3957282673892617687_o.jpg\"><img loading=\"lazy\" decoding=\"async\" class=\"aligncenter size-medium wp-image-3797\" src=\"http:\/\/www.pgd-rakek.si\/wp-content\/uploads\/10628918_10204899474717473_3957282673892617687_o-300x168.jpg\" alt=\"10628918_10204899474717473_3957282673892617687_o\" width=\"300\" height=\"168\" srcset=\"https:\/\/www.pgd-rakek.si\/wp-content\/uploads\/10628918_10204899474717473_3957282673892617687_o-300x168.jpg 300w, https:\/\/www.pgd-rakek.si\/wp-content\/uploads\/10628918_10204899474717473_3957282673892617687_o-1024x576.jpg 1024w, https:\/\/www.pgd-rakek.si\/wp-content\/uploads\/10628918_10204899474717473_3957282673892617687_o.jpg 1632w\" sizes=\"auto, (max-width: 300px) 100vw, 300px\" \/><\/a><\/p>\n<p style=\"text-align: center\">\n","protected":false},"excerpt":{"rendered":"<p>Danes so nas v okviru izbirnega predmeta Varstvo pred naravnimi in drugimi nesre\u010dami obiskali u\u010denci\u00a0O\u0160 Jo\u017eeta Krajca Rakek. Poleg teorije, katero predelajo v u\u010dilnici, imajo del ur namenjenih tudi za prakti\u010dno delo v lokalni gasilski enoti. Tako se jim je na uvodnem delu prvega sre\u010danja predstavilo gasilsko organizacijo in pomen gasilcev v okviru varstva pred [&hellip;]<\/p>\n","protected":false},"author":3,"featured_media":0,"comment_status":"closed","ping_status":"closed","sticky":false,"template":"","format":"standard","meta":{"footnotes":""},"categories":[5,17],"tags":[],"class_list":["post-3791","post","type-post","status-publish","format-standard","hentry","category-novice","category-novice-2014"],"_links":{"self":[{"href":"https:\/\/www.pgd-rakek.si\/index.php?rest_route=\/wp\/v2\/posts\/3791","targetHints":{"allow":["GET"]}}],"collection":[{"href":"https:\/\/www.pgd-rakek.si\/index.php?rest_route=\/wp\/v2\/posts"}],"about":[{"href":"https:\/\/www.pgd-rakek.si\/index.php?rest_route=\/wp\/v2\/types\/post"}],"author":[{"embeddable":true,"href":"https:\/\/www.pgd-rakek.si\/index.php?rest_route=\/wp\/v2\/users\/3"}],"replies":[{"embeddable":true,"href":"https:\/\/www.pgd-rakek.si\/index.php?rest_route=%2Fwp%2Fv2%2Fcomments&post=3791"}],"version-history":[{"count":3,"href":"https:\/\/www.pgd-rakek.si\/index.php?rest_route=\/wp\/v2\/posts\/3791\/revisions"}],"predecessor-version":[{"id":3798,"href":"https:\/\/www.pgd-rakek.si\/index.php?rest_route=\/wp\/v2\/posts\/3791\/revisions\/3798"}],"wp:attachment":[{"href":"https:\/\/www.pgd-rakek.si\/index.php?rest_route=%2Fwp%2Fv2%2Fmedia&parent=3791"}],"wp:term":[{"taxonomy":"category","embeddable":true,"href":"https:\/\/www.pgd-rakek.si\/index.php?rest_route=%2Fwp%2Fv2%2Fcategories&post=3791"},{"taxonomy":"post_tag","embeddable":true,"href":"https:\/\/www.pgd-rakek.si\/index.php?rest_route=%2Fwp%2Fv2%2Ftags&post=3791"}],"curies":[{"name":"wp","href":"https:\/\/api.w.org\/{rel}","templated":true}]}}