{"id":3345,"date":"2014-05-24T08:39:32","date_gmt":"2014-05-24T08:39:32","guid":{"rendered":"http:\/\/www.pgd-rakek.si\/?p=3345"},"modified":"2015-01-25T07:44:39","modified_gmt":"2015-01-25T07:44:39","slug":"obcinska-gasilska-orientacija-2","status":"publish","type":"post","link":"https:\/\/www.pgd-rakek.si\/?p=3345","title":{"rendered":"Ob\u010dinska gasilska orientacija"},"content":{"rendered":"<p style=\"text-align: justify\">Kon\u010dno je napo\u010dil \u010das za na\u0161e tri ekipe, ki so se \u017ee dober mesec pripravljale na ob\u010dinsko orientacijo. V soboto 24.5.2014 so se na\u0161i najmlaj\u0161i \u017ee zjutraj zbrali v na\u0161em domu, da bi \u0161e malo vadili pred nastopom. Mentorji so nato odpeljali svoje ekipe v Dolenjo vas, kjer je bilo letos organizirana ob\u010dinska orientacija. Orientacije smo se udele\u017eili s tremi ekipami; dvema ekipama pionirjev in ekipo mladink. Pionirji so zasedli 4. in 3. mesto, mladinke pa 2. mesto in s tem udele\u017ebo na regijskem tekmovanju ki bo 14.6.2014. Vsem ekipam \u010destitam za dose\u017eene rezultate!<\/p>\n<p>Iler\u0161i\u010d Matja\u017e<\/p>\n<p style=\"text-align: center\"><a href=\"http:\/\/www.pgd-rakek.si\/wp-content\/uploads\/20140524_132609_Dolenja-vas.jpg\"><img loading=\"lazy\" decoding=\"async\" class=\"aligncenter size-medium wp-image-3346\" src=\"http:\/\/www.pgd-rakek.si\/wp-content\/uploads\/20140524_132609_Dolenja-vas-300x225.jpg\" alt=\"20140524_132609_Dolenja vas\" width=\"300\" height=\"225\" srcset=\"https:\/\/www.pgd-rakek.si\/wp-content\/uploads\/20140524_132609_Dolenja-vas-300x225.jpg 300w, https:\/\/www.pgd-rakek.si\/wp-content\/uploads\/20140524_132609_Dolenja-vas-1024x768.jpg 1024w, https:\/\/www.pgd-rakek.si\/wp-content\/uploads\/20140524_132609_Dolenja-vas-160x120.jpg 160w\" sizes=\"auto, (max-width: 300px) 100vw, 300px\" \/><\/a><\/p>\n","protected":false},"excerpt":{"rendered":"<p>Kon\u010dno je napo\u010dil \u010das za na\u0161e tri ekipe, ki so se \u017ee dober mesec pripravljale na ob\u010dinsko orientacijo. V soboto 24.5.2014 so se na\u0161i najmlaj\u0161i \u017ee zjutraj zbrali v na\u0161em domu, da bi \u0161e malo vadili pred nastopom. Mentorji so nato odpeljali svoje ekipe v Dolenjo vas, kjer je bilo letos organizirana ob\u010dinska orientacija. Orientacije [&hellip;]<\/p>\n","protected":false},"author":3,"featured_media":0,"comment_status":"closed","ping_status":"closed","sticky":false,"template":"","format":"standard","meta":{"footnotes":""},"categories":[25,27],"tags":[],"class_list":["post-3345","post","type-post","status-publish","format-standard","hentry","category-mladina","category-mladina-2014"],"_links":{"self":[{"href":"https:\/\/www.pgd-rakek.si\/index.php?rest_route=\/wp\/v2\/posts\/3345","targetHints":{"allow":["GET"]}}],"collection":[{"href":"https:\/\/www.pgd-rakek.si\/index.php?rest_route=\/wp\/v2\/posts"}],"about":[{"href":"https:\/\/www.pgd-rakek.si\/index.php?rest_route=\/wp\/v2\/types\/post"}],"author":[{"embeddable":true,"href":"https:\/\/www.pgd-rakek.si\/index.php?rest_route=\/wp\/v2\/users\/3"}],"replies":[{"embeddable":true,"href":"https:\/\/www.pgd-rakek.si\/index.php?rest_route=%2Fwp%2Fv2%2Fcomments&post=3345"}],"version-history":[{"count":3,"href":"https:\/\/www.pgd-rakek.si\/index.php?rest_route=\/wp\/v2\/posts\/3345\/revisions"}],"predecessor-version":[{"id":4294,"href":"https:\/\/www.pgd-rakek.si\/index.php?rest_route=\/wp\/v2\/posts\/3345\/revisions\/4294"}],"wp:attachment":[{"href":"https:\/\/www.pgd-rakek.si\/index.php?rest_route=%2Fwp%2Fv2%2Fmedia&parent=3345"}],"wp:term":[{"taxonomy":"category","embeddable":true,"href":"https:\/\/www.pgd-rakek.si\/index.php?rest_route=%2Fwp%2Fv2%2Fcategories&post=3345"},{"taxonomy":"post_tag","embeddable":true,"href":"https:\/\/www.pgd-rakek.si\/index.php?rest_route=%2Fwp%2Fv2%2Ftags&post=3345"}],"curies":[{"name":"wp","href":"https:\/\/api.w.org\/{rel}","templated":true}]}}