{"id":3272,"date":"2014-05-15T05:58:44","date_gmt":"2014-05-15T05:58:44","guid":{"rendered":"http:\/\/www.pgd-rakek.si\/?p=3272"},"modified":"2015-01-25T07:40:01","modified_gmt":"2015-01-25T07:40:01","slug":"priprave-mladine-pgd-rakek","status":"publish","type":"post","link":"https:\/\/www.pgd-rakek.si\/?p=3272","title":{"rendered":"Priprave mladine PGD Rakek"},"content":{"rendered":"<p style=\"text-align: justify\">V skupini mladincev so: Anej, Tanja, Jana, Luka A., Luka Z., Bojan, Bla\u017e, An\u017ee in Sanja. Imamo najbolj\u0161ega mentorja. Ime mu je Matja\u017e Iler\u0161i\u010d. V ekipi je veliko smeha, zabave, veselja in tudi kan\u010dek resnosti. Med tednom smo imeli vaje skoraj vsak dan, vajo s hidrantom smo ponovili tudi po 5x na vaje. Vedno smo se potrudili po svojih najbolj\u0161ih mo\u010deh! Lansko leto smo se udele\u017eili ob\u010dinskega tekmovanja in dosegli 1. mesto. Sledile so priprave za regijsko tekmovanje, kjer smo dosegli 2. mesto in s tem udele\u017ebo na dr\u017eavnem tekmovanju v Ormo\u017eu. Bili smo zelo ponosni nase in tudi na Matja\u017ea, ker nas je u\u010dil in prena\u0161al na vseh vajah. Po dolgih in temeljitih pripravah v leto\u0161njem letu, smo se z namenom preveriti kako dobro smo pripravljeni, udele\u017eili pred tekme v Podlipi (GZ Vrhnika), kjer smo dosegli 1. mesto. V soboto 17.5. se odpravljamo na dr\u017eavno tekmovanje v Ormo\u017e. Vsi se ga zelo veselimo in komaj \u010dakamo, da vidimo kako se bomo odrezali.<\/p>\n<p style=\"text-align: justify\"><span style=\"line-height: 1.5em\">Sanja Zalar<\/span><\/p>\n<p style=\"text-align: center\"><a href=\"http:\/\/www.pgd-rakek.si\/wp-content\/uploads\/20140509_170010.jpg\"><img loading=\"lazy\" decoding=\"async\" class=\"aligncenter size-medium wp-image-3273\" src=\"http:\/\/www.pgd-rakek.si\/wp-content\/uploads\/20140509_170010-300x203.jpg\" alt=\"20140509_170010\" width=\"300\" height=\"203\" srcset=\"https:\/\/www.pgd-rakek.si\/wp-content\/uploads\/20140509_170010-300x203.jpg 300w, https:\/\/www.pgd-rakek.si\/wp-content\/uploads\/20140509_170010-1024x693.jpg 1024w, https:\/\/www.pgd-rakek.si\/wp-content\/uploads\/20140509_170010-120x80.jpg 120w\" sizes=\"auto, (max-width: 300px) 100vw, 300px\" \/><\/a><span style=\"line-height: 1.5em\">Priprave na tekmovanja<\/span><\/p>\n<p style=\"text-align: center\"><a href=\"http:\/\/www.pgd-rakek.si\/wp-content\/uploads\/20140510_141258.jpg\"><img loading=\"lazy\" decoding=\"async\" class=\"aligncenter size-medium wp-image-3274\" src=\"http:\/\/www.pgd-rakek.si\/wp-content\/uploads\/20140510_141258-300x214.jpg\" alt=\"20140510_141258\" width=\"300\" height=\"214\" srcset=\"https:\/\/www.pgd-rakek.si\/wp-content\/uploads\/20140510_141258-300x214.jpg 300w, https:\/\/www.pgd-rakek.si\/wp-content\/uploads\/20140510_141258-1024x733.jpg 1024w\" sizes=\"auto, (max-width: 300px) 100vw, 300px\" \/><\/a>Po tekmovanju v Podlipi &#8211; 1. mesto<\/p>\n","protected":false},"excerpt":{"rendered":"<p>V skupini mladincev so: Anej, Tanja, Jana, Luka A., Luka Z., Bojan, Bla\u017e, An\u017ee in Sanja. Imamo najbolj\u0161ega mentorja. Ime mu je Matja\u017e Iler\u0161i\u010d. V ekipi je veliko smeha, zabave, veselja in tudi kan\u010dek resnosti. Med tednom smo imeli vaje skoraj vsak dan, vajo s hidrantom smo ponovili tudi po 5x na vaje. Vedno smo [&hellip;]<\/p>\n","protected":false},"author":3,"featured_media":0,"comment_status":"closed","ping_status":"closed","sticky":false,"template":"","format":"standard","meta":{"footnotes":""},"categories":[25,27],"tags":[],"class_list":["post-3272","post","type-post","status-publish","format-standard","hentry","category-mladina","category-mladina-2014"],"_links":{"self":[{"href":"https:\/\/www.pgd-rakek.si\/index.php?rest_route=\/wp\/v2\/posts\/3272","targetHints":{"allow":["GET"]}}],"collection":[{"href":"https:\/\/www.pgd-rakek.si\/index.php?rest_route=\/wp\/v2\/posts"}],"about":[{"href":"https:\/\/www.pgd-rakek.si\/index.php?rest_route=\/wp\/v2\/types\/post"}],"author":[{"embeddable":true,"href":"https:\/\/www.pgd-rakek.si\/index.php?rest_route=\/wp\/v2\/users\/3"}],"replies":[{"embeddable":true,"href":"https:\/\/www.pgd-rakek.si\/index.php?rest_route=%2Fwp%2Fv2%2Fcomments&post=3272"}],"version-history":[{"count":2,"href":"https:\/\/www.pgd-rakek.si\/index.php?rest_route=\/wp\/v2\/posts\/3272\/revisions"}],"predecessor-version":[{"id":4287,"href":"https:\/\/www.pgd-rakek.si\/index.php?rest_route=\/wp\/v2\/posts\/3272\/revisions\/4287"}],"wp:attachment":[{"href":"https:\/\/www.pgd-rakek.si\/index.php?rest_route=%2Fwp%2Fv2%2Fmedia&parent=3272"}],"wp:term":[{"taxonomy":"category","embeddable":true,"href":"https:\/\/www.pgd-rakek.si\/index.php?rest_route=%2Fwp%2Fv2%2Fcategories&post=3272"},{"taxonomy":"post_tag","embeddable":true,"href":"https:\/\/www.pgd-rakek.si\/index.php?rest_route=%2Fwp%2Fv2%2Ftags&post=3272"}],"curies":[{"name":"wp","href":"https:\/\/api.w.org\/{rel}","templated":true}]}}