{"id":2819,"date":"2014-01-29T20:44:08","date_gmt":"2014-01-29T20:44:08","guid":{"rendered":"http:\/\/www.pgd-rakek.si\/?p=2819"},"modified":"2014-01-30T08:44:05","modified_gmt":"2014-01-30T08:44:05","slug":"obilne-padavine-in-snezenje","status":"publish","type":"post","link":"https:\/\/www.pgd-rakek.si\/?p=2819","title":{"rendered":"Obilne padavine in sne\u017eenje"},"content":{"rendered":"<p style=\"text-align: justify\">Pred nami je \u0161tiridnevno padavinsko obdobje. V \u010detrtek bo v notranjosti Slovenije sne\u017eilo, v no\u010di na petek in v petek pa de\u017eevalo, le na severozahodu \u0161e naprej sne\u017eilo. V soboto in nedeljo bo spet v glavnem sne\u017eilo.\u00a0Izrazito najve\u010d padavin bo v zahodni in severozahodni Sloveniji, na severovzhodu pa bolj malo!<\/p>\n<p style=\"text-align: justify\">Do petka zjutraj bo v vi\u0161jih legah severne Primorske in predvidoma v zahodnem delu Gorenjske zapadlo okoli 50 cm snega, lokalno tudi ve\u010d.\u00a0Na Gorenjskem in v vi\u0161jih legah severne Primorske se bo sne\u017eenje predvidoma nadaljevalo tudi v petek, nato se bo umirjalo, prenehalo bo \u0161ele v ponedeljek. Opozorila lahko spremljate na slede\u010di <a href=\"http:\/\/meteo.arso.gov.si\/met\/sl\/warning\/\">povezavi.<\/a><\/p>\n<p style=\"text-align: center\"><a href=\"http:\/\/www.pgd-rakek.si\/wp-content\/uploads\/1655063_10202834463799833_1948904638_o.jpg\"><img loading=\"lazy\" decoding=\"async\" class=\"aligncenter size-medium wp-image-2825\" alt=\"1655063_10202834463799833_1948904638_o\" src=\"http:\/\/www.pgd-rakek.si\/wp-content\/uploads\/1655063_10202834463799833_1948904638_o-300x225.jpg\" width=\"300\" height=\"225\" srcset=\"https:\/\/www.pgd-rakek.si\/wp-content\/uploads\/1655063_10202834463799833_1948904638_o-300x225.jpg 300w, https:\/\/www.pgd-rakek.si\/wp-content\/uploads\/1655063_10202834463799833_1948904638_o-1024x768.jpg 1024w, https:\/\/www.pgd-rakek.si\/wp-content\/uploads\/1655063_10202834463799833_1948904638_o-160x120.jpg 160w, https:\/\/www.pgd-rakek.si\/wp-content\/uploads\/1655063_10202834463799833_1948904638_o.jpg 2048w\" sizes=\"auto, (max-width: 300px) 100vw, 300px\" \/><\/a><\/p>\n","protected":false},"excerpt":{"rendered":"<p>Pred nami je \u0161tiridnevno padavinsko obdobje. V \u010detrtek bo v notranjosti Slovenije sne\u017eilo, v no\u010di na petek in v petek pa de\u017eevalo, le na severozahodu \u0161e naprej sne\u017eilo. V soboto in nedeljo bo spet v glavnem sne\u017eilo.\u00a0Izrazito najve\u010d padavin bo v zahodni in severozahodni Sloveniji, na severovzhodu pa bolj malo! Do petka zjutraj bo v [&hellip;]<\/p>\n","protected":false},"author":3,"featured_media":0,"comment_status":"closed","ping_status":"closed","sticky":false,"template":"","format":"standard","meta":{"footnotes":""},"categories":[5,17],"tags":[],"class_list":["post-2819","post","type-post","status-publish","format-standard","hentry","category-novice","category-novice-2014"],"_links":{"self":[{"href":"https:\/\/www.pgd-rakek.si\/index.php?rest_route=\/wp\/v2\/posts\/2819","targetHints":{"allow":["GET"]}}],"collection":[{"href":"https:\/\/www.pgd-rakek.si\/index.php?rest_route=\/wp\/v2\/posts"}],"about":[{"href":"https:\/\/www.pgd-rakek.si\/index.php?rest_route=\/wp\/v2\/types\/post"}],"author":[{"embeddable":true,"href":"https:\/\/www.pgd-rakek.si\/index.php?rest_route=\/wp\/v2\/users\/3"}],"replies":[{"embeddable":true,"href":"https:\/\/www.pgd-rakek.si\/index.php?rest_route=%2Fwp%2Fv2%2Fcomments&post=2819"}],"version-history":[{"count":6,"href":"https:\/\/www.pgd-rakek.si\/index.php?rest_route=\/wp\/v2\/posts\/2819\/revisions"}],"predecessor-version":[{"id":2826,"href":"https:\/\/www.pgd-rakek.si\/index.php?rest_route=\/wp\/v2\/posts\/2819\/revisions\/2826"}],"wp:attachment":[{"href":"https:\/\/www.pgd-rakek.si\/index.php?rest_route=%2Fwp%2Fv2%2Fmedia&parent=2819"}],"wp:term":[{"taxonomy":"category","embeddable":true,"href":"https:\/\/www.pgd-rakek.si\/index.php?rest_route=%2Fwp%2Fv2%2Fcategories&post=2819"},{"taxonomy":"post_tag","embeddable":true,"href":"https:\/\/www.pgd-rakek.si\/index.php?rest_route=%2Fwp%2Fv2%2Ftags&post=2819"}],"curies":[{"name":"wp","href":"https:\/\/api.w.org\/{rel}","templated":true}]}}