{"id":2398,"date":"2013-10-26T20:07:21","date_gmt":"2013-10-26T20:07:21","guid":{"rendered":"http:\/\/www.pgd-rakek.si\/?p=2398"},"modified":"2013-10-28T06:58:55","modified_gmt":"2013-10-28T06:58:55","slug":"tekmovanje-s-terenskimi-vozili-v-medulinu-2","status":"publish","type":"post","link":"https:\/\/www.pgd-rakek.si\/?p=2398","title":{"rendered":"Tekmovanje s terenskimi vozili v Medulinu"},"content":{"rendered":"<p style=\"text-align: justify\">Vsako leto kolegi s Hrva\u0161ke (DVD Medulin) organizirajo mednarodno tekmovanje s gasilskimi terenskimi vozili. Tekmovanje je z leti postalo \u017ee tradicionalno in ve\u010dkrat se ga udele\u017ei tudi nekaj ekip iz Slovenije.\u00a0Tekmovanje je v leto\u0161njem letu potekalo v soboto 26. oktobra. Iz PGD Rakek se je tekmovanja udele\u017eila ekipa \u0161tirih gasilcev z GVGP-1, kateri so morali na tekmovanju opraviti s petimi vajami:<\/p>\n<ol start=\"1\">\n<li>Priprava napada za ga\u0161enje s peno<\/li>\n<li>Iskanje in oskrba ponesre\u010denca<\/li>\n<li>Zbijanje tar\u010de<\/li>\n<li>Veslanje<\/li>\n<li>Izvedba klasi\u010dnega trodelnega napada<\/li>\n<\/ol>\n<p style=\"text-align: justify\">Na tekmovanju je ekipa PGD Rakek dosegla kon\u010dno 5. mesto.\u00a0Ob tej prilo\u017enosti se zahvaljujemo DVD Medulin za povabilo in dobro organizacijo tekmovanja.<\/p>\n<p style=\"text-align: center\"><a href=\"http:\/\/www.pgd-rakek.si\/wp-content\/uploads\/1375676_615969381779794_1442633052_n.jpg\"><img loading=\"lazy\" decoding=\"async\" class=\"aligncenter size-medium wp-image-2401\" alt=\"1375676_615969381779794_1442633052_n\" src=\"http:\/\/www.pgd-rakek.si\/wp-content\/uploads\/1375676_615969381779794_1442633052_n-300x225.jpg\" width=\"300\" height=\"225\" srcset=\"https:\/\/www.pgd-rakek.si\/wp-content\/uploads\/1375676_615969381779794_1442633052_n-300x225.jpg 300w, https:\/\/www.pgd-rakek.si\/wp-content\/uploads\/1375676_615969381779794_1442633052_n-160x120.jpg 160w, https:\/\/www.pgd-rakek.si\/wp-content\/uploads\/1375676_615969381779794_1442633052_n.jpg 960w\" sizes=\"auto, (max-width: 300px) 100vw, 300px\" \/><\/a>FOTO: DVD Medulin<\/p>\n","protected":false},"excerpt":{"rendered":"<p>Vsako leto kolegi s Hrva\u0161ke (DVD Medulin) organizirajo mednarodno tekmovanje s gasilskimi terenskimi vozili. Tekmovanje je z leti postalo \u017ee tradicionalno in ve\u010dkrat se ga udele\u017ei tudi nekaj ekip iz Slovenije.\u00a0Tekmovanje je v leto\u0161njem letu potekalo v soboto 26. oktobra. Iz PGD Rakek se je tekmovanja udele\u017eila ekipa \u0161tirih gasilcev z GVGP-1, kateri so morali [&hellip;]<\/p>\n","protected":false},"author":3,"featured_media":0,"comment_status":"closed","ping_status":"closed","sticky":false,"template":"","format":"standard","meta":{"footnotes":""},"categories":[6,15],"tags":[],"class_list":["post-2398","post","type-post","status-publish","format-standard","hentry","category-tekmovanja","category-tekmovanja-2013"],"_links":{"self":[{"href":"https:\/\/www.pgd-rakek.si\/index.php?rest_route=\/wp\/v2\/posts\/2398","targetHints":{"allow":["GET"]}}],"collection":[{"href":"https:\/\/www.pgd-rakek.si\/index.php?rest_route=\/wp\/v2\/posts"}],"about":[{"href":"https:\/\/www.pgd-rakek.si\/index.php?rest_route=\/wp\/v2\/types\/post"}],"author":[{"embeddable":true,"href":"https:\/\/www.pgd-rakek.si\/index.php?rest_route=\/wp\/v2\/users\/3"}],"replies":[{"embeddable":true,"href":"https:\/\/www.pgd-rakek.si\/index.php?rest_route=%2Fwp%2Fv2%2Fcomments&post=2398"}],"version-history":[{"count":2,"href":"https:\/\/www.pgd-rakek.si\/index.php?rest_route=\/wp\/v2\/posts\/2398\/revisions"}],"predecessor-version":[{"id":2402,"href":"https:\/\/www.pgd-rakek.si\/index.php?rest_route=\/wp\/v2\/posts\/2398\/revisions\/2402"}],"wp:attachment":[{"href":"https:\/\/www.pgd-rakek.si\/index.php?rest_route=%2Fwp%2Fv2%2Fmedia&parent=2398"}],"wp:term":[{"taxonomy":"category","embeddable":true,"href":"https:\/\/www.pgd-rakek.si\/index.php?rest_route=%2Fwp%2Fv2%2Fcategories&post=2398"},{"taxonomy":"post_tag","embeddable":true,"href":"https:\/\/www.pgd-rakek.si\/index.php?rest_route=%2Fwp%2Fv2%2Ftags&post=2398"}],"curies":[{"name":"wp","href":"https:\/\/api.w.org\/{rel}","templated":true}]}}