{"id":1819,"date":"2013-06-08T17:30:35","date_gmt":"2013-06-08T17:30:35","guid":{"rendered":"http:\/\/www.pgd-rakek.si\/?p=1819"},"modified":"2013-06-08T19:15:56","modified_gmt":"2013-06-08T19:15:56","slug":"vaje-iz-vrvne-tehnike","status":"publish","type":"post","link":"https:\/\/www.pgd-rakek.si\/?p=1819","title":{"rendered":"Vaje iz vrvne tehnike"},"content":{"rendered":"<p style=\"text-align: justify\">Danes, 8.6.2013 smo izvedli usposabljanje na temo vrvne tehnike. Vaje so potekale pod vodstvom Luka in Mateja Zalokarja,\u00a0dveh jamarskih re\u0161evalcev iz JD Rak Rakek, katerima se ob tej priliki \u0161e enkrat zahvaljujemo za sodelovanje. Vadilo se je na dveh delovnih to\u010dkah v Rakovem \u0160kocjanu. Prva delovna to\u010dka je bila namenjena pravilni pripravi sidri\u0161\u010da za spust, opremljanju dostopa in sami tehniki spu\u0161\u010danja po vrvi. Na tej to\u010dki se je vadilo tudi najpomembnej\u0161e vozle, kateri pridejo v po\u0161tev pri delu na vi\u0161ini. Na drugi delovni to\u010dki se je vadilo postavljanje sidri\u0161\u010da z razbremenitvijo, kateri slu\u017ei za transport ponesre\u010denca z nosili iz ni\u017eje le\u017ee\u010dih delov. Nekaj fotografij iz vaje lahko vidite tudi na na\u0161i <a href=\"https:\/\/www.facebook.com\/media\/set\/?set=oa.610569505627661&amp;type=1\">FB strani.<\/a><\/p>\n<p style=\"text-align: center\"><a href=\"http:\/\/www.pgd-rakek.si\/wp-content\/uploads\/249050_10201183914817140_1194107444_n.jpg\"><img loading=\"lazy\" decoding=\"async\" class=\"aligncenter size-medium wp-image-1821\" alt=\"249050_10201183914817140_1194107444_n\" src=\"http:\/\/www.pgd-rakek.si\/wp-content\/uploads\/249050_10201183914817140_1194107444_n-300x200.jpg\" width=\"300\" height=\"200\" srcset=\"https:\/\/www.pgd-rakek.si\/wp-content\/uploads\/249050_10201183914817140_1194107444_n-300x200.jpg 300w, https:\/\/www.pgd-rakek.si\/wp-content\/uploads\/249050_10201183914817140_1194107444_n-120x80.jpg 120w, https:\/\/www.pgd-rakek.si\/wp-content\/uploads\/249050_10201183914817140_1194107444_n.jpg 960w\" sizes=\"auto, (max-width: 300px) 100vw, 300px\" \/><\/a><\/p>\n","protected":false},"excerpt":{"rendered":"<p>Danes, 8.6.2013 smo izvedli usposabljanje na temo vrvne tehnike. Vaje so potekale pod vodstvom Luka in Mateja Zalokarja,\u00a0dveh jamarskih re\u0161evalcev iz JD Rak Rakek, katerima se ob tej priliki \u0161e enkrat zahvaljujemo za sodelovanje. Vadilo se je na dveh delovnih to\u010dkah v Rakovem \u0160kocjanu. Prva delovna to\u010dka je bila namenjena pravilni pripravi sidri\u0161\u010da za spust, [&hellip;]<\/p>\n","protected":false},"author":3,"featured_media":0,"comment_status":"closed","ping_status":"closed","sticky":false,"template":"","format":"standard","meta":{"footnotes":""},"categories":[8,16],"tags":[],"class_list":["post-1819","post","type-post","status-publish","format-standard","hentry","category-usposabljanja","category-usposabljanja_2013"],"_links":{"self":[{"href":"https:\/\/www.pgd-rakek.si\/index.php?rest_route=\/wp\/v2\/posts\/1819","targetHints":{"allow":["GET"]}}],"collection":[{"href":"https:\/\/www.pgd-rakek.si\/index.php?rest_route=\/wp\/v2\/posts"}],"about":[{"href":"https:\/\/www.pgd-rakek.si\/index.php?rest_route=\/wp\/v2\/types\/post"}],"author":[{"embeddable":true,"href":"https:\/\/www.pgd-rakek.si\/index.php?rest_route=\/wp\/v2\/users\/3"}],"replies":[{"embeddable":true,"href":"https:\/\/www.pgd-rakek.si\/index.php?rest_route=%2Fwp%2Fv2%2Fcomments&post=1819"}],"version-history":[{"count":5,"href":"https:\/\/www.pgd-rakek.si\/index.php?rest_route=\/wp\/v2\/posts\/1819\/revisions"}],"predecessor-version":[{"id":1825,"href":"https:\/\/www.pgd-rakek.si\/index.php?rest_route=\/wp\/v2\/posts\/1819\/revisions\/1825"}],"wp:attachment":[{"href":"https:\/\/www.pgd-rakek.si\/index.php?rest_route=%2Fwp%2Fv2%2Fmedia&parent=1819"}],"wp:term":[{"taxonomy":"category","embeddable":true,"href":"https:\/\/www.pgd-rakek.si\/index.php?rest_route=%2Fwp%2Fv2%2Fcategories&post=1819"},{"taxonomy":"post_tag","embeddable":true,"href":"https:\/\/www.pgd-rakek.si\/index.php?rest_route=%2Fwp%2Fv2%2Ftags&post=1819"}],"curies":[{"name":"wp","href":"https:\/\/api.w.org\/{rel}","templated":true}]}}