{"id":1767,"date":"2013-05-18T12:23:21","date_gmt":"2013-05-18T12:23:21","guid":{"rendered":"http:\/\/www.pgd-rakek.si\/?p=1767"},"modified":"2015-01-25T07:26:08","modified_gmt":"2015-01-25T07:26:08","slug":"obcinska-gasilska-orientacija","status":"publish","type":"post","link":"https:\/\/www.pgd-rakek.si\/?p=1767","title":{"rendered":"Ob\u010dinska gasilska orientacija"},"content":{"rendered":"<p style=\"text-align: justify\">V soboto, 18.5 se je na\u0161a mladina udele\u017eila tekmovanja iz gasilske orientacjje, ki je potekala v okolici Cerknice. Tekmovanja smo se udele\u017eili s tremi ekipami. Najmlaj\u0161a pionirska ekipa, stara od 7 do 12 let v sestavi Anej Zidar, Dejan Zalar, Kenan Jurenec\u00a0in rezerve Luka Zidar ter mentorice Katje Modic, ki jih je tudi spremljala na progi, je zasedla 5.mesto.<\/p>\n<p style=\"text-align: justify\">Imeli smo tudi dve mladinski ekipi stari od 12 do 16 let. Ekipa mladincev je v\u00a0sestavi Luka Zalar, Luka Avsec, An\u017ee Opeka in rezerva Matej Meden ter mentor Toma\u017e Zgonc zasedla odli\u010dno 2.mesto. Ekipa mladink v sestavi\u00a0Jana Jane\u0161, Tanja Zalar, Sanja Zalar in rezerva Tajda \u0160tefan\u010di\u010d ter mentor Matja\u017e Iler\u0161i\u010d je ravno tako zasedla 2.mesto.<\/p>\n<p style=\"text-align: justify\">Obe ekipi sta si s tem rezultatom priborili nastop na regijski orientaciji, ki jo bo letos organiziral sektor Rakek. V imenu MK jim \u010destitam za odli\u010dne rezultate in zastopanje na\u0161ega dru\u0161tva ter jim obenem \u017eelim veliko uspeha na regijskem tekmovanju.<\/p>\n<p>Matja\u017e Iler\u0161i\u010d<\/p>\n<p style=\"text-align: center\"><a href=\"http:\/\/www.pgd-rakek.si\/wp-content\/uploads\/2011-12-01-972.jpg\"><img loading=\"lazy\" decoding=\"async\" class=\"aligncenter size-medium wp-image-1770\" src=\"http:\/\/www.pgd-rakek.si\/wp-content\/uploads\/2011-12-01-972-300x168.jpg\" alt=\"2011-12-01-972\" width=\"300\" height=\"168\" srcset=\"https:\/\/www.pgd-rakek.si\/wp-content\/uploads\/2011-12-01-972-300x168.jpg 300w, https:\/\/www.pgd-rakek.si\/wp-content\/uploads\/2011-12-01-972-1024x575.jpg 1024w\" sizes=\"auto, (max-width: 300px) 100vw, 300px\" \/><\/a>Ekipa mladincev<\/p>\n<p style=\"text-align: center\"><a href=\"http:\/\/www.pgd-rakek.si\/wp-content\/uploads\/2011-12-01-970.jpg\"><img loading=\"lazy\" decoding=\"async\" class=\"aligncenter size-medium wp-image-1769\" src=\"http:\/\/www.pgd-rakek.si\/wp-content\/uploads\/2011-12-01-970-300x168.jpg\" alt=\"2011-12-01-970\" width=\"300\" height=\"168\" srcset=\"https:\/\/www.pgd-rakek.si\/wp-content\/uploads\/2011-12-01-970-300x168.jpg 300w, https:\/\/www.pgd-rakek.si\/wp-content\/uploads\/2011-12-01-970-1024x575.jpg 1024w\" sizes=\"auto, (max-width: 300px) 100vw, 300px\" \/><\/a>Ekipa mladink<\/p>\n<p style=\"text-align: center\"><a href=\"http:\/\/www.pgd-rakek.si\/wp-content\/uploads\/2011-12-01-956.jpg\"><img loading=\"lazy\" decoding=\"async\" class=\"aligncenter size-medium wp-image-1768\" src=\"http:\/\/www.pgd-rakek.si\/wp-content\/uploads\/2011-12-01-956-300x168.jpg\" alt=\"2011-12-01-956\" width=\"300\" height=\"168\" srcset=\"https:\/\/www.pgd-rakek.si\/wp-content\/uploads\/2011-12-01-956-300x168.jpg 300w, https:\/\/www.pgd-rakek.si\/wp-content\/uploads\/2011-12-01-956-1024x575.jpg 1024w\" sizes=\"auto, (max-width: 300px) 100vw, 300px\" \/><\/a>Ekipa pionirjev z mentorico<\/p>\n","protected":false},"excerpt":{"rendered":"<p>V soboto, 18.5 se je na\u0161a mladina udele\u017eila tekmovanja iz gasilske orientacjje, ki je potekala v okolici Cerknice. Tekmovanja smo se udele\u017eili s tremi ekipami. Najmlaj\u0161a pionirska ekipa, stara od 7 do 12 let v sestavi Anej Zidar, Dejan Zalar, Kenan Jurenec\u00a0in rezerve Luka Zidar ter mentorice Katje Modic, ki jih je tudi spremljala na [&hellip;]<\/p>\n","protected":false},"author":3,"featured_media":0,"comment_status":"closed","ping_status":"closed","sticky":false,"template":"","format":"standard","meta":{"footnotes":""},"categories":[25,28],"tags":[],"class_list":["post-1767","post","type-post","status-publish","format-standard","hentry","category-mladina","category-mladina-2013"],"_links":{"self":[{"href":"https:\/\/www.pgd-rakek.si\/index.php?rest_route=\/wp\/v2\/posts\/1767","targetHints":{"allow":["GET"]}}],"collection":[{"href":"https:\/\/www.pgd-rakek.si\/index.php?rest_route=\/wp\/v2\/posts"}],"about":[{"href":"https:\/\/www.pgd-rakek.si\/index.php?rest_route=\/wp\/v2\/types\/post"}],"author":[{"embeddable":true,"href":"https:\/\/www.pgd-rakek.si\/index.php?rest_route=\/wp\/v2\/users\/3"}],"replies":[{"embeddable":true,"href":"https:\/\/www.pgd-rakek.si\/index.php?rest_route=%2Fwp%2Fv2%2Fcomments&post=1767"}],"version-history":[{"count":7,"href":"https:\/\/www.pgd-rakek.si\/index.php?rest_route=\/wp\/v2\/posts\/1767\/revisions"}],"predecessor-version":[{"id":4280,"href":"https:\/\/www.pgd-rakek.si\/index.php?rest_route=\/wp\/v2\/posts\/1767\/revisions\/4280"}],"wp:attachment":[{"href":"https:\/\/www.pgd-rakek.si\/index.php?rest_route=%2Fwp%2Fv2%2Fmedia&parent=1767"}],"wp:term":[{"taxonomy":"category","embeddable":true,"href":"https:\/\/www.pgd-rakek.si\/index.php?rest_route=%2Fwp%2Fv2%2Fcategories&post=1767"},{"taxonomy":"post_tag","embeddable":true,"href":"https:\/\/www.pgd-rakek.si\/index.php?rest_route=%2Fwp%2Fv2%2Ftags&post=1767"}],"curies":[{"name":"wp","href":"https:\/\/api.w.org\/{rel}","templated":true}]}}