{"id":13921,"date":"2024-04-21T19:43:44","date_gmt":"2024-04-21T18:43:44","guid":{"rendered":"https:\/\/www.pgd-rakek.si\/?p=13921"},"modified":"2024-06-26T10:43:46","modified_gmt":"2024-06-26T09:43:46","slug":"4-posvet-mentorjev-mladine-notranjske-regije","status":"publish","type":"post","link":"https:\/\/www.pgd-rakek.si\/?p=13921","title":{"rendered":"4. posvet mentorjev mladine Notranjske regije"},"content":{"rendered":"\n<p style=\"text-align: justify\">V soboto, 20.04.2024, smo se 3 \u010dlani na\u0161ega dru\u0161tva in hkrati mentorji gasilske mladine udele\u017eili posveta mentorjev v Notranjski gasilski regiji. Potekal je v PGD Stari trg pri Lo\u017eu v organizaciji Mladinskega sveta Notranjske regije, Gasilske zveze Lo\u0161ka dolina in lokalnega gasilskega dru\u0161tva.<\/p>\n<p style=\"text-align: justify\">Uradni del se je za\u010del s pozdravom predsednika mladinskega sveta Notranjske regije Domna Petrovi\u010da in poveljnika Gasilske zveze Lo\u0161ka dolina Damjana Jane\u0161a. Sledilo je predavanje Ga\u0161perja Modica o januarski nesre\u010di v Kri\u017eni jami. Predstavil je svoje videnje in kako je bilo vzdu\u0161je v skupini, saj je bil eden izmed &#8220;ujetih&#8221; v jami.<\/p>\n<p style=\"text-align: justify\">Nato so sledile 3 razli\u010dne delavnice med katerimi smo kro\u017eili. V eni smo spoznavali kako lahko skozi igre predstavimo teorijo, v drugi smo se pogovarjali o motivaciji otrok in kaj narediti, ko jo izgubijo, pri tretji pa smo se razdelili v manj\u0161e skupine in debatirali kako imamo po dru\u0161tvih organizirana tedenska sre\u010danja, ali hodimo na letovanja in izlete, ali po\u010denjamo kaj &#8220;negasilskega&#8221; in druge izto\u010dnice. To smo zapisali in organizatorji so nam obljubili, da dobimo bilten z vsemi izku\u0161njami, kar bo nedvomno zelo koristno.<\/p>\n<p style=\"text-align: justify\">Posvet pa se je zaklju\u010dil z neformalnim delom &#8211; piknikom, kjer smo se dru\u017eili in spoznavali ob hrani in pija\u010di.<\/p>\n<p>Doma\u010dinom bi se radi zahvalili za gostoljubje in pogostitev, organizatorjem pa za izvedbo. Naslednje leto je zopet na vrsti na\u0161a doma\u010da zveza.<\/p>\n","protected":false},"excerpt":{"rendered":"<p>V soboto, 20.04.2024, smo se 3 \u010dlani na\u0161ega dru\u0161tva in hkrati mentorji gasilske mladine udele\u017eili posveta mentorjev v Notranjski gasilski regiji. Potekal je v PGD Stari trg pri Lo\u017eu v organizaciji Mladinskega sveta Notranjske regije, Gasilske zveze Lo\u0161ka dolina in lokalnega gasilskega dru\u0161tva. Uradni del se je za\u010del s pozdravom predsednika mladinskega sveta Notranjske regije [&hellip;]<\/p>\n","protected":false},"author":7,"featured_media":13922,"comment_status":"closed","ping_status":"closed","sticky":false,"template":"","format":"standard","meta":{"footnotes":""},"categories":[25,97],"tags":[],"class_list":["post-13921","post","type-post","status-publish","format-standard","has-post-thumbnail","hentry","category-mladina","category-mladina-2024"],"_links":{"self":[{"href":"https:\/\/www.pgd-rakek.si\/index.php?rest_route=\/wp\/v2\/posts\/13921","targetHints":{"allow":["GET"]}}],"collection":[{"href":"https:\/\/www.pgd-rakek.si\/index.php?rest_route=\/wp\/v2\/posts"}],"about":[{"href":"https:\/\/www.pgd-rakek.si\/index.php?rest_route=\/wp\/v2\/types\/post"}],"author":[{"embeddable":true,"href":"https:\/\/www.pgd-rakek.si\/index.php?rest_route=\/wp\/v2\/users\/7"}],"replies":[{"embeddable":true,"href":"https:\/\/www.pgd-rakek.si\/index.php?rest_route=%2Fwp%2Fv2%2Fcomments&post=13921"}],"version-history":[{"count":9,"href":"https:\/\/www.pgd-rakek.si\/index.php?rest_route=\/wp\/v2\/posts\/13921\/revisions"}],"predecessor-version":[{"id":14132,"href":"https:\/\/www.pgd-rakek.si\/index.php?rest_route=\/wp\/v2\/posts\/13921\/revisions\/14132"}],"wp:featuredmedia":[{"embeddable":true,"href":"https:\/\/www.pgd-rakek.si\/index.php?rest_route=\/wp\/v2\/media\/13922"}],"wp:attachment":[{"href":"https:\/\/www.pgd-rakek.si\/index.php?rest_route=%2Fwp%2Fv2%2Fmedia&parent=13921"}],"wp:term":[{"taxonomy":"category","embeddable":true,"href":"https:\/\/www.pgd-rakek.si\/index.php?rest_route=%2Fwp%2Fv2%2Fcategories&post=13921"},{"taxonomy":"post_tag","embeddable":true,"href":"https:\/\/www.pgd-rakek.si\/index.php?rest_route=%2Fwp%2Fv2%2Ftags&post=13921"}],"curies":[{"name":"wp","href":"https:\/\/api.w.org\/{rel}","templated":true}]}}