{"id":13904,"date":"2024-04-20T17:07:18","date_gmt":"2024-04-20T16:07:18","guid":{"rendered":"https:\/\/www.pgd-rakek.si\/?p=13904"},"modified":"2024-04-26T14:07:02","modified_gmt":"2024-04-26T13:07:02","slug":"plenum-gasilske-zveze-slovenija","status":"publish","type":"post","link":"https:\/\/www.pgd-rakek.si\/?p=13904","title":{"rendered":"Plenum Gasilske zveze Slovenija"},"content":{"rendered":"\n<p><\/p>\n\n\n\n<p>\u00a0<\/p>\n<p>V Ormo\u017eu, je v soboto 20.4.2024 potekala prva seja Plenuma Gasilske zveze Slovenije v mandatu 2023 \u2013 2028. Plenum je najvi\u0161ji organ GZS med dvema Kongresoma. Plenuma se je udele\u017eilo okoli 150 vodstvenih gasilcev v Sloveniji ter \u0161tevilni gosti iz vrst Uprave za za\u0161\u010dito in re\u0161evanje, Policije, Slovenske vojske, dr\u017eavni sekretar na Ministrstvu za obrambo in predsednica dr\u017eave Nata\u0161a Pirc Musar. Med sodelujo\u010dimi na Plenumu je bil tudi na\u0161 \u010dlan Purkart Klemen, ki v tem mandatu opravlja nalogo poveljnika GZ Cerknica.<\/p>\n<p>Na Plenumu je bila podeljena tudi Plaketa gasilca za dolgoletno aktivno delo na podro\u010dju gasilstva prej\u0161njemu poveljniku in sedaj \u010dastnemu poveljniku GZ Cerknica, Zdravku Novaku. \u010cestitamo!<\/p>\n<p><a href=\"https:\/\/www.pgd-rakek.si\/wp-content\/uploads\/2024\/04\/97227294-f961-4843-a228-ca2e09c67014.jpg\"><img loading=\"lazy\" decoding=\"async\" class=\"aligncenter size-medium wp-image-13905\" src=\"https:\/\/www.pgd-rakek.si\/wp-content\/uploads\/2024\/04\/97227294-f961-4843-a228-ca2e09c67014-300x225.jpg\" alt=\"\" width=\"300\" height=\"225\" srcset=\"https:\/\/www.pgd-rakek.si\/wp-content\/uploads\/2024\/04\/97227294-f961-4843-a228-ca2e09c67014-300x225.jpg 300w, https:\/\/www.pgd-rakek.si\/wp-content\/uploads\/2024\/04\/97227294-f961-4843-a228-ca2e09c67014-1024x768.jpg 1024w, https:\/\/www.pgd-rakek.si\/wp-content\/uploads\/2024\/04\/97227294-f961-4843-a228-ca2e09c67014-768x576.jpg 768w, https:\/\/www.pgd-rakek.si\/wp-content\/uploads\/2024\/04\/97227294-f961-4843-a228-ca2e09c67014-1536x1152.jpg 1536w, https:\/\/www.pgd-rakek.si\/wp-content\/uploads\/2024\/04\/97227294-f961-4843-a228-ca2e09c67014-250x188.jpg 250w, https:\/\/www.pgd-rakek.si\/wp-content\/uploads\/2024\/04\/97227294-f961-4843-a228-ca2e09c67014-160x120.jpg 160w, https:\/\/www.pgd-rakek.si\/wp-content\/uploads\/2024\/04\/97227294-f961-4843-a228-ca2e09c67014.jpg 2048w\" sizes=\"auto, (max-width: 300px) 100vw, 300px\" \/><\/a><\/p>\n","protected":false},"excerpt":{"rendered":"<p>\u00a0 V Ormo\u017eu, je v soboto 20.4.2024 potekala prva seja Plenuma Gasilske zveze Slovenije v mandatu 2023 \u2013 2028. Plenum je najvi\u0161ji organ GZS med dvema Kongresoma. Plenuma se je udele\u017eilo okoli 150 vodstvenih gasilcev v Sloveniji ter \u0161tevilni gosti iz vrst Uprave za za\u0161\u010dito in re\u0161evanje, Policije, Slovenske vojske, dr\u017eavni sekretar na Ministrstvu za [&hellip;]<\/p>\n","protected":false},"author":3,"featured_media":13905,"comment_status":"closed","ping_status":"closed","sticky":false,"template":"","format":"standard","meta":{"footnotes":""},"categories":[5,93,41],"tags":[],"class_list":["post-13904","post","type-post","status-publish","format-standard","has-post-thumbnail","hentry","category-novice","category-novice-2024","category-cat-ostalo"],"_links":{"self":[{"href":"https:\/\/www.pgd-rakek.si\/index.php?rest_route=\/wp\/v2\/posts\/13904","targetHints":{"allow":["GET"]}}],"collection":[{"href":"https:\/\/www.pgd-rakek.si\/index.php?rest_route=\/wp\/v2\/posts"}],"about":[{"href":"https:\/\/www.pgd-rakek.si\/index.php?rest_route=\/wp\/v2\/types\/post"}],"author":[{"embeddable":true,"href":"https:\/\/www.pgd-rakek.si\/index.php?rest_route=\/wp\/v2\/users\/3"}],"replies":[{"embeddable":true,"href":"https:\/\/www.pgd-rakek.si\/index.php?rest_route=%2Fwp%2Fv2%2Fcomments&post=13904"}],"version-history":[{"count":4,"href":"https:\/\/www.pgd-rakek.si\/index.php?rest_route=\/wp\/v2\/posts\/13904\/revisions"}],"predecessor-version":[{"id":13913,"href":"https:\/\/www.pgd-rakek.si\/index.php?rest_route=\/wp\/v2\/posts\/13904\/revisions\/13913"}],"wp:featuredmedia":[{"embeddable":true,"href":"https:\/\/www.pgd-rakek.si\/index.php?rest_route=\/wp\/v2\/media\/13905"}],"wp:attachment":[{"href":"https:\/\/www.pgd-rakek.si\/index.php?rest_route=%2Fwp%2Fv2%2Fmedia&parent=13904"}],"wp:term":[{"taxonomy":"category","embeddable":true,"href":"https:\/\/www.pgd-rakek.si\/index.php?rest_route=%2Fwp%2Fv2%2Fcategories&post=13904"},{"taxonomy":"post_tag","embeddable":true,"href":"https:\/\/www.pgd-rakek.si\/index.php?rest_route=%2Fwp%2Fv2%2Ftags&post=13904"}],"curies":[{"name":"wp","href":"https:\/\/api.w.org\/{rel}","templated":true}]}}