{"id":13639,"date":"2023-10-07T17:04:00","date_gmt":"2023-10-07T16:04:00","guid":{"rendered":"https:\/\/www.pgd-rakek.si\/?p=13639"},"modified":"2023-10-08T10:22:31","modified_gmt":"2023-10-08T09:22:31","slug":"18-kongres-gzs","status":"publish","type":"post","link":"https:\/\/www.pgd-rakek.si\/?p=13639","title":{"rendered":"18. Kongres GZS"},"content":{"rendered":"\n\n\n<p style=\"text-align: justify;\">Na dvodnevnem kongresu, ki je letos potekal v \u017dalcu, je bilo izvoljeno novo vodstvo Gasilske zveze Slovenije (GZS) za mandatno obdobje 2023\u20132028. Kongresa smo se v okrnjenem \u0161tevilu udele\u017eili tudi gasilci PGD Rakek.\u00a0<\/p>\n<p style=\"text-align: justify;\">Medtem, ko je bilo \u017ee znano, da bo funkcijo predsednika tudi v naslednjem petletnem mandatu opravljal Janko Cerkvenik, potrebna je bila le se potrditev delegatov, sta se za polo\u017eaj poveljnika GZS potegovala dva kandidata &#8211; Du\u0161an Utro\u0161a in Zvonko Gla\u017ear. Nov poveljnik GZS je postal Gla\u017ear, za katerega je volilo 86 delegatov od skupno 154. Gla\u017ear bo tako na tem mestu nasledil dosedanjega poveljnika GZS Francija Petka.<\/p>\n<p style=\"text-align: justify;\">Po plenarnem zasedanju in slavnostni podelitvi najvi\u0161jih gasilskih priznanj je sledila \u0161e velika parada, kjer je sodelovalo preko 5500 gasilcev v e\u0161alonih praporjev, regij, gasilskih dejavnosti in vozil.<\/p>\n<p style=\"text-align: justify;\">Novemu vodstvu \u017eelimo veliko uspehov, potrpe\u017eljivosti, povezovanja in sodelovanja ter na koncu dose\u017eenega napredka v delovanju Slovenskih gasilcev.<\/p>\n<p style=\"text-align: center;\"><a href=\"https:\/\/www.pgd-rakek.si\/wp-content\/uploads\/2023\/10\/5e7e44d4f01b6272b5a2bb848ab66f52.jpeg\"><img loading=\"lazy\" decoding=\"async\" class=\"aligncenter size-medium wp-image-13642\" src=\"https:\/\/www.pgd-rakek.si\/wp-content\/uploads\/2023\/10\/5e7e44d4f01b6272b5a2bb848ab66f52-300x105.jpeg\" alt=\"\" width=\"300\" height=\"105\" srcset=\"https:\/\/www.pgd-rakek.si\/wp-content\/uploads\/2023\/10\/5e7e44d4f01b6272b5a2bb848ab66f52-300x105.jpeg 300w, https:\/\/www.pgd-rakek.si\/wp-content\/uploads\/2023\/10\/5e7e44d4f01b6272b5a2bb848ab66f52-1024x358.jpeg 1024w, https:\/\/www.pgd-rakek.si\/wp-content\/uploads\/2023\/10\/5e7e44d4f01b6272b5a2bb848ab66f52-768x268.jpeg 768w, https:\/\/www.pgd-rakek.si\/wp-content\/uploads\/2023\/10\/5e7e44d4f01b6272b5a2bb848ab66f52-250x87.jpeg 250w, https:\/\/www.pgd-rakek.si\/wp-content\/uploads\/2023\/10\/5e7e44d4f01b6272b5a2bb848ab66f52.jpeg 1140w\" sizes=\"auto, (max-width: 300px) 100vw, 300px\" \/><\/a><\/p>\n","protected":false},"excerpt":{"rendered":"<p>Na dvodnevnem kongresu, ki je letos potekal v \u017dalcu, je bilo izvoljeno novo vodstvo Gasilske zveze Slovenije (GZS) za mandatno obdobje 2023\u20132028. Kongresa smo se v okrnjenem \u0161tevilu udele\u017eili tudi gasilci PGD Rakek.\u00a0 Medtem, ko je bilo \u017ee znano, da bo funkcijo predsednika tudi v naslednjem petletnem mandatu opravljal Janko Cerkvenik, potrebna je bila le [&hellip;]<\/p>\n","protected":false},"author":3,"featured_media":0,"comment_status":"closed","ping_status":"closed","sticky":false,"template":"","format":"standard","meta":{"footnotes":""},"categories":[5,90],"tags":[],"class_list":["post-13639","post","type-post","status-publish","format-standard","hentry","category-novice","category-novice-2023"],"_links":{"self":[{"href":"https:\/\/www.pgd-rakek.si\/index.php?rest_route=\/wp\/v2\/posts\/13639","targetHints":{"allow":["GET"]}}],"collection":[{"href":"https:\/\/www.pgd-rakek.si\/index.php?rest_route=\/wp\/v2\/posts"}],"about":[{"href":"https:\/\/www.pgd-rakek.si\/index.php?rest_route=\/wp\/v2\/types\/post"}],"author":[{"embeddable":true,"href":"https:\/\/www.pgd-rakek.si\/index.php?rest_route=\/wp\/v2\/users\/3"}],"replies":[{"embeddable":true,"href":"https:\/\/www.pgd-rakek.si\/index.php?rest_route=%2Fwp%2Fv2%2Fcomments&post=13639"}],"version-history":[{"count":3,"href":"https:\/\/www.pgd-rakek.si\/index.php?rest_route=\/wp\/v2\/posts\/13639\/revisions"}],"predecessor-version":[{"id":13644,"href":"https:\/\/www.pgd-rakek.si\/index.php?rest_route=\/wp\/v2\/posts\/13639\/revisions\/13644"}],"wp:attachment":[{"href":"https:\/\/www.pgd-rakek.si\/index.php?rest_route=%2Fwp%2Fv2%2Fmedia&parent=13639"}],"wp:term":[{"taxonomy":"category","embeddable":true,"href":"https:\/\/www.pgd-rakek.si\/index.php?rest_route=%2Fwp%2Fv2%2Fcategories&post=13639"},{"taxonomy":"post_tag","embeddable":true,"href":"https:\/\/www.pgd-rakek.si\/index.php?rest_route=%2Fwp%2Fv2%2Ftags&post=13639"}],"curies":[{"name":"wp","href":"https:\/\/api.w.org\/{rel}","templated":true}]}}