{"id":13510,"date":"2023-06-07T12:47:32","date_gmt":"2023-06-07T11:47:32","guid":{"rendered":"https:\/\/www.pgd-rakek.si\/?p=13510"},"modified":"2023-06-07T14:06:54","modified_gmt":"2023-06-07T13:06:54","slug":"prevzem-novega-doma-in-vozila-gvm-1","status":"publish","type":"post","link":"https:\/\/www.pgd-rakek.si\/?p=13510","title":{"rendered":"Prevzem novega doma in vozila GVM-1"},"content":{"rendered":"\n\n\n<p style=\"text-align: justify;\"><span style=\"font-weight: 400;\">Preteklo soboto smo Rakov\u0161ki gasilci po gasilskih protokolih sve\u010dano prevzeli v uporabo nov Dom za\u0161\u010dite in re\u0161evanja ter vozilo GVM-1. Slovesni dogodek so poleg doma\u010dih gasilcev ter krajanov Rakeka po\u010dastili tudi tovari\u0161i gasilci iz GZ Cerknica, GZ Lo\u0161ka dolina in PGD iz ostalih delov Slovenije s katerimi sodelujemo. Prireditev je povezovala Maja Malc, kulturni program so pripravili Dragonarji generala Maistra in u\u010denci rakov\u0161ke \u0161ole. Za blagoslov je poskrbel rakov\u0161ki \u017eupnik Gregor Gorenc. Klju\u010de doma in vozila je predsedniku in poveljniku PGD Rakek predal g. \u017eupan Marko Rupar. <\/span><\/p>\n<p style=\"text-align: justify;\"><span style=\"font-weight: 400;\">V nadaljevanju govor predsednika PGD Rakek, Drole Klemena, ki v pravi meri poka\u017ee na\u0161o hvale\u017enost ob taki pridobitvi za na\u0161e PGD, ob\u010dino Cerknica kot tudi za vse gasilce iz GZ Cerknica.<\/span><\/p>\n<p style=\"text-align: justify;\"><em><span style=\"font-weight: 400;\">Rakov\u0161ki gasilci delujemo \u017ee preko 130 let. Za\u010detki so bili skromni, saj ni bilo ne gasilskega doma ne opreme. Ena izmed ve\u010djih prelomnic za dru\u0161tvo, se je zgodila v mesecu juniju, leta 1930 z otvoritvijo prvega gasilskega doma, na lokaciji katero sedaj poznamo po po\u0161tnem naslovu Gasilka ulica 1.<\/span><\/em><\/p>\n<p style=\"text-align: justify;\"><em><span style=\"font-weight: 400;\">Dolga leta je ta dom odli\u010dno slu\u017eil za delovanje dru\u0161tva. Vseeno pa je rast in razvoj Rakeka botroval in zadnja leta \u017ee kar mo\u010dno klical k posodobitvi dru\u0161tvenih prostorov. \u010ce so daljnega leta 1930 stro\u0161ke gradnje nosili va\u0161\u010dani, je tokrat to breme padlo na lokalno skupnost. Vseeno se je po ve\u010d letih na\u010drtovanja, po kar nekaj idejnih projektih oktobra 2021 polo\u017eil temeljni kamen za gradnjo Doma za\u0161\u010dite in re\u0161evanja.<\/span><\/em><\/p>\n<p style=\"text-align: justify;\"><span style=\"font-weight: 400;\">T<em>a stavba je sedaj pred nami. V dobrem letu dni smo pre\u0161li iz travnika do skoraj 4000 m2 povr\u0161in, namenjenim za delovanje gasilskega dru\u0161tva. Lahko re\u010dem, da se verjetno \u0161e ne zavedamo v celoti, kak\u0161en preskok smo naredil. Kdor pozna na\u0161o prej\u0161njo lokacijo, ve, da je bilo na\u0161e dvori\u0161\u010de prakti\u010dno na cesti. Za parkiranje svojih vozil, smo znali izkoristiti prav vsak del\u010dek zemlje okoli starega doma. Za osnovne vaje gasilske desetine, smo selili vso potrebno opremo v \u0161portni park ob osnovni \u0161olo.\u00a0<\/em><\/span><\/p>\n<p><em><span style=\"font-weight: 400;\">Od danes naprej, se vse te naloge zdijo otro\u010dje lahke.<\/span><\/em><\/p>\n<p style=\"text-align: justify;\"><em><span style=\"font-weight: 400;\">Ko smo s strani ob\u010dine Cerknica, leta 2018 dobili prvi resni idejni projekt, so se nam pri\u017egali pravi plameni v o\u010deh. Vedeli smo, da sedaj gre pa za zares. Okoli na\u0161ega novega doma se je za\u010delo resni\u010dno nekaj premikati. Veliko ur smo porabili, za obrazlo\u017eitev na\u0161ih \u017eelja in potreb. Izpeljali kar nekaj sestankov na temo izgleda in same zasnove doma. Tudi takrat se je usoda \u017eelela malo poigrati z nami, a se ji nismo pustili. Drugi projekt, ta kateri je sedaj izveden, je bil zastavljen mnogo bolj realno in racionalno. Tako z zemlji\u0161\u010dem, kot s finan\u010dnimi sredstvi. Na ta dose\u017eek ob\u010dine Cerknica in vseh nas, smo lahko ponosni.<\/span><\/em><\/p>\n<p><em><span style=\"font-weight: 400;\">Verjamem, da bo naslednjih 100 let ravno ta stavba delovala kot center gasilskega in civilnega delovanja v kraju. Gasilci smo dobili 4 prostorne gara\u017ee in dovolj prostora za izvedbo gasilske veselice. Krajanom pa je na voljo ravno prav velika ve\u010dnamenska dvorana, za razne kulturne in druge civilne dogodke.<\/span><\/em><\/p>\n<p style=\"text-align: justify;\"><em><span style=\"font-weight: 400;\">Dom je bil seveda na za\u010detku prazen. Tisto pravo vsebino smo mu v zadnjih mesecih dodali gasilci s svojimi rde\u010dimi vozili, rde\u010dimi omaricami in vso ostalo &#8220;ropotijo&#8221; v vseh ostalih mo\u017enih barvah. Na nas je sedaj, da prostore napolnimo sedaj \u0161e s otro\u0161kim smehom, vriski veselja in kak\u0161no ostro besedo tu pa tam, da se ohrani red in disciplina. Ostalo bojo prispevali krajani, s kori\u0161\u010denjem dvorane za ples, dru\u017eenja in druge pogostitve.<\/span><\/em><\/p>\n<p style=\"text-align: justify;\"><em><span style=\"font-weight: 400;\">Kot da to ne bi bilo dovolj, se je nekako poklopilo, da bomo na ta dan, sve\u010dano prevzeli tudi novo gasilsko vozilo za prevoz mo\u0161tva, v gasilskem \u017eargonu imenovano GVM. Prvi\u010d v zgodovini dru\u0161tva bomo s svoje gara\u017ee parkirali vozilo, katero je bilo v celoti financirano s strani ob\u010dine Cerknica! Gre za rezultat veliko let odrekanja in skrbnega na\u010drtovanja in usklajevanja ob\u010dine in vrha GZ Cerknica. \u010ceprav se sli\u0161i malo, bo vozilo zelo veliko pripomoglo k bolj\u0161emu delovanju dru\u0161tva.<\/span><\/em><\/p>\n<p><em><span style=\"font-weight: 400;\">Da na bom predolg, naj tale govor sklenem s staro ljudsko modrostjo.<\/span><\/em><\/p>\n<p><em><span style=\"font-weight: 400;\">Danes bomo rakov\u0161ki gasilci pospravili dve muhi na en mah!<\/span><\/em><\/p>\n<p style=\"text-align: justify;\"><em><span style=\"font-weight: 400;\">Za zaklju\u010dek bi rad izrekel \u0161e nekaj zahval. V prvi vrsti je tukaj seveda ob\u010dina Cerknica na \u010delu z \u017eupanom, g. Marko Ruparjem in \u0161tevilnimi drugimi v njegovih vrstah, kateri so skrbeli za urbanisti\u010dno umestitev objekta v prostor, razpise in izvajali nadzor na gradnjo doma. Gradnjo doma so skrbno na\u010drtovali v podjetju BAV arhitekti. Podjetje Elgo-Nova je opremilo na\u0161 dom s son\u010dno elektrarno.\u00a0 Za na\u0161e novo vozilo pa so strokovno poskrbeli v avtohi\u0161i ASPC Drobni\u010d iz Podskrajnika. Posebna zahvala gre tudi mozai\u010darkam iz KD Rak Rakek, katere so izdelale na\u0161o maskoto Rakca, kateri sedaj krasi gasilski vhod! Zahvaljujem se tudi vsem donatorjem, kateri so prispevali in obogatili na\u0161 sre\u010delov. Na sre\u010do vas je veliko, zato ne morem na\u0161teti vseh.<\/span><\/em><\/p>\n<p><em><span style=\"font-weight: 400;\">Posebna zahvala pa gre doma\u010di ekipi, katera danes deluje v sklopu gasilske veselice!\u00a0<\/span><span style=\"font-weight: 400;\">Zavedati se moramo, da ni veselice brez ne\u0161teto prostovoljno oddelanih ur, zato \u0161e enkrat, hvala vam!<\/span><\/em><\/p>\n<p><em>Z gasilskim pozdravom Na pomo\u010d!<\/em><\/p>\n<p style=\"text-align: justify;\">Objava v <a href=\"https:\/\/notranjskoprimorske.si\/2023\/06\/rakovski-gasilci-so-se-razveselili-novega-doma-in-vozila\/\">Notranjsko primorskih novicah<\/a><\/p>\n<p><a href=\"https:\/\/www.pgd-rakek.si\/?gallery=prevzem-gasilskega-doma-in-gvm-1\">Fotografije<\/a><\/p>\n<p style=\"text-align: center;\"><a href=\"https:\/\/www.pgd-rakek.si\/wp-content\/uploads\/2023\/06\/l-520631otvoritev-doma-na-rakeku-39-foto-ljubo-vukelic.jpg\"><img loading=\"lazy\" decoding=\"async\" class=\"aligncenter size-medium wp-image-13508\" src=\"https:\/\/www.pgd-rakek.si\/wp-content\/uploads\/2023\/06\/l-520631otvoritev-doma-na-rakeku-39-foto-ljubo-vukelic-300x200.jpg\" alt=\"\" width=\"300\" height=\"200\" srcset=\"https:\/\/www.pgd-rakek.si\/wp-content\/uploads\/2023\/06\/l-520631otvoritev-doma-na-rakeku-39-foto-ljubo-vukelic-300x200.jpg 300w, https:\/\/www.pgd-rakek.si\/wp-content\/uploads\/2023\/06\/l-520631otvoritev-doma-na-rakeku-39-foto-ljubo-vukelic-768x512.jpg 768w, https:\/\/www.pgd-rakek.si\/wp-content\/uploads\/2023\/06\/l-520631otvoritev-doma-na-rakeku-39-foto-ljubo-vukelic-250x167.jpg 250w, https:\/\/www.pgd-rakek.si\/wp-content\/uploads\/2023\/06\/l-520631otvoritev-doma-na-rakeku-39-foto-ljubo-vukelic-120x80.jpg 120w, https:\/\/www.pgd-rakek.si\/wp-content\/uploads\/2023\/06\/l-520631otvoritev-doma-na-rakeku-39-foto-ljubo-vukelic.jpg 960w\" sizes=\"auto, (max-width: 300px) 100vw, 300px\" \/><\/a><\/p>\n","protected":false},"excerpt":{"rendered":"<p>Preteklo soboto smo Rakov\u0161ki gasilci po gasilskih protokolih sve\u010dano prevzeli v uporabo nov Dom za\u0161\u010dite in re\u0161evanja ter vozilo GVM-1. Slovesni dogodek so poleg doma\u010dih gasilcev ter krajanov Rakeka po\u010dastili tudi tovari\u0161i gasilci iz GZ Cerknica, GZ Lo\u0161ka dolina in PGD iz ostalih delov Slovenije s katerimi sodelujemo. Prireditev je povezovala Maja Malc, kulturni program [&hellip;]<\/p>\n","protected":false},"author":3,"featured_media":0,"comment_status":"closed","ping_status":"closed","sticky":false,"template":"","format":"standard","meta":{"footnotes":""},"categories":[5,90],"tags":[],"class_list":["post-13510","post","type-post","status-publish","format-standard","hentry","category-novice","category-novice-2023"],"_links":{"self":[{"href":"https:\/\/www.pgd-rakek.si\/index.php?rest_route=\/wp\/v2\/posts\/13510","targetHints":{"allow":["GET"]}}],"collection":[{"href":"https:\/\/www.pgd-rakek.si\/index.php?rest_route=\/wp\/v2\/posts"}],"about":[{"href":"https:\/\/www.pgd-rakek.si\/index.php?rest_route=\/wp\/v2\/types\/post"}],"author":[{"embeddable":true,"href":"https:\/\/www.pgd-rakek.si\/index.php?rest_route=\/wp\/v2\/users\/3"}],"replies":[{"embeddable":true,"href":"https:\/\/www.pgd-rakek.si\/index.php?rest_route=%2Fwp%2Fv2%2Fcomments&post=13510"}],"version-history":[{"count":4,"href":"https:\/\/www.pgd-rakek.si\/index.php?rest_route=\/wp\/v2\/posts\/13510\/revisions"}],"predecessor-version":[{"id":13517,"href":"https:\/\/www.pgd-rakek.si\/index.php?rest_route=\/wp\/v2\/posts\/13510\/revisions\/13517"}],"wp:attachment":[{"href":"https:\/\/www.pgd-rakek.si\/index.php?rest_route=%2Fwp%2Fv2%2Fmedia&parent=13510"}],"wp:term":[{"taxonomy":"category","embeddable":true,"href":"https:\/\/www.pgd-rakek.si\/index.php?rest_route=%2Fwp%2Fv2%2Fcategories&post=13510"},{"taxonomy":"post_tag","embeddable":true,"href":"https:\/\/www.pgd-rakek.si\/index.php?rest_route=%2Fwp%2Fv2%2Ftags&post=13510"}],"curies":[{"name":"wp","href":"https:\/\/api.w.org\/{rel}","templated":true}]}}