{"id":13439,"date":"2023-04-17T19:07:36","date_gmt":"2023-04-17T18:07:36","guid":{"rendered":"https:\/\/www.pgd-rakek.si\/?p=13439"},"modified":"2023-04-17T19:11:28","modified_gmt":"2023-04-17T18:11:28","slug":"nesrece-v-podzemskih-jamah-in-breznih","status":"publish","type":"post","link":"https:\/\/www.pgd-rakek.si\/?p=13439","title":{"rendered":"Nesre\u010de v podzemskih jamah in breznih"},"content":{"rendered":"\n<p style=\"text-align: justify;\">Dne 15.4.2023 ob 19.55 se je v novo odkriti jami, Vranjedolska jama, v Dolenji vasi pri Cerknici, po\u0161kodovala jamarka. Posredovali so re\u0161evalci JRS RC Ljubljana, Postojna, Se\u017eana, Kranj, Novo mesto, Velenje, gasilci PGD Cerknica in pripadnik Dr\u017eavne enote za varstvo pred NUS Gorenjske in Ljubljanske regije.<\/p>\n<p style=\"text-align: justify;\">Dne 16. 4. 2023 se je nadaljevalo re\u0161evanje ponesre\u010dene jamarke. Re\u0161evalci JRS RC Ljubljana, Postojna, Se\u017eana, Kranj, Novo mesto, Velenje, gasilci PGD Cerknica, Rakek, Dolenja vas, Dolenje jezero in ZGRS Se\u017eana ter pripadniki Dr\u017eavne enote za varstvo pred NUS Gorenjske in Ljubljanske regije so z minsko eksplozivnimi sredstvi \u0161irili ozke prehode v jami in izvajali aktivnosti za dvig po\u0161kodovanke (priprava osvetljevanja, osvetljevanje,\u00a0 pomo\u010d JRS, logistika, &#8230;). Okoli 16. ure so se v jamo spustile ekipe jamarskih re\u0161evalcev, namenjene za dvig po\u0161kodovanke. Dne 17. 4. 2023 ob 4.05 so re\u0161evalci re\u0161ili jamarko. Gasilci smo pomagali pri transportu od izhoda iz jame do re\u0161evalnega vozila ter osvetljevali mesto pristanka helikopterja. V nadaljnjo oskrbo v UKC Ljubljana jo je prepeljal helikopter SV. <a href=\"http:\/\/\t\t\t\t&lt;div class=&quot;gallery_box&quot;&gt;\n\t\t\t\t\t&lt;ul&gt;\n\t\t\t\t\t\t\t\t\t\t\t\t\t&lt;li&gt;\n\t\t\t\t\t\t\t\t&lt;a rel=&quot;bookmark&quot; href=&quot;https:\/\/www.pgd-rakek.si\/?gallery=jamarska-nesreca&quot; title=&quot;Jamarska nesre\u010da&quot;&gt;\n\t\t\t\t\t\t\t\t\t&lt;img width=&quot;120&quot; height=&quot;80&quot; style=&quot;width:120px; height:80px; border-width: 10px; border-color:#F1F1F1;border: 10px solid #F1F1F1&quot; alt=&quot;Jamarska nesre\u010da&quot; title=&quot;Jamarska nesre\u010da&quot; src=&quot;https:\/\/www.pgd-rakek.si\/wp-content\/uploads\/2023\/04\/IMG-20230417-WA0002-120x80.jpg&quot; \/&gt;\t\t\t\t\t\t\t\t&lt;\/a&gt;\n\t\t\t\t\t\t\t\t&lt;div class=&quot;gallery_detail_box&quot;&gt;\n\t\t\t\t\t\t\t\t\t&lt;div class=&quot;gllr_detail_title&quot;&gt;Jamarska nesre\u010da&lt;\/div&gt;\n\t\t\t\t\t\t\t\t\t&lt;div class=&quot;gllr_detail_excerpt&quot;&gt;Foto: Trebc M, \u0160ebenik M.&lt;\/div&gt;\n\t\t\t\t\t\t\t\t\t&lt;a href=&quot;https:\/\/www.pgd-rakek.si\/?gallery=jamarska-nesreca&quot;&gt;Poglej slike \u00bb&lt;\/a&gt;\n\t\t\t\t\t\t\t\t&lt;\/div&gt;&lt;!-- .gallery_detail_box --&gt;\n\t\t\t\t\t\t\t\t&lt;div class=&quot;gllr_clear&quot;&gt;&lt;\/div&gt;\n\t\t\t\t\t\t\t&lt;\/li&gt;\n\t\t\t\t\t\t\t\t\t\t\t&lt;\/ul&gt;\n\t\t\t\t&lt;\/div&gt;&lt;!-- .gallery_box --&gt;\n\t\t\t\t\" data-wplink-url-error=\"true\">Foto<\/a>.<\/p>\n<p><a href=\"https:\/\/www.pgd-rakek.si\/wp-content\/uploads\/2023\/04\/IMG-20230417-WA0004.jpg\"><img loading=\"lazy\" decoding=\"async\" class=\"aligncenter size-medium wp-image-13440\" src=\"https:\/\/www.pgd-rakek.si\/wp-content\/uploads\/2023\/04\/IMG-20230417-WA0004-225x300.jpg\" alt=\"\" width=\"225\" height=\"300\" srcset=\"https:\/\/www.pgd-rakek.si\/wp-content\/uploads\/2023\/04\/IMG-20230417-WA0004-225x300.jpg 225w, https:\/\/www.pgd-rakek.si\/wp-content\/uploads\/2023\/04\/IMG-20230417-WA0004-768x1024.jpg 768w, https:\/\/www.pgd-rakek.si\/wp-content\/uploads\/2023\/04\/IMG-20230417-WA0004-1152x1536.jpg 1152w, https:\/\/www.pgd-rakek.si\/wp-content\/uploads\/2023\/04\/IMG-20230417-WA0004-250x333.jpg 250w, https:\/\/www.pgd-rakek.si\/wp-content\/uploads\/2023\/04\/IMG-20230417-WA0004.jpg 1200w\" sizes=\"auto, (max-width: 225px) 100vw, 225px\" \/><\/a><\/p>\n","protected":false},"excerpt":{"rendered":"<p>Dne 15.4.2023 ob 19.55 se je v novo odkriti jami, Vranjedolska jama, v Dolenji vasi pri Cerknici, po\u0161kodovala jamarka. Posredovali so re\u0161evalci JRS RC Ljubljana, Postojna, Se\u017eana, Kranj, Novo mesto, Velenje, gasilci PGD Cerknica in pripadnik Dr\u017eavne enote za varstvo pred NUS Gorenjske in Ljubljanske regije. Dne 16. 4. 2023 se je nadaljevalo re\u0161evanje ponesre\u010dene [&hellip;]<\/p>\n","protected":false},"author":3,"featured_media":0,"comment_status":"closed","ping_status":"closed","sticky":false,"template":"","format":"standard","meta":{"footnotes":""},"categories":[3,88],"tags":[],"class_list":["post-13439","post","type-post","status-publish","format-standard","hentry","category-intervencije","category-intervencije-2023"],"_links":{"self":[{"href":"https:\/\/www.pgd-rakek.si\/index.php?rest_route=\/wp\/v2\/posts\/13439","targetHints":{"allow":["GET"]}}],"collection":[{"href":"https:\/\/www.pgd-rakek.si\/index.php?rest_route=\/wp\/v2\/posts"}],"about":[{"href":"https:\/\/www.pgd-rakek.si\/index.php?rest_route=\/wp\/v2\/types\/post"}],"author":[{"embeddable":true,"href":"https:\/\/www.pgd-rakek.si\/index.php?rest_route=\/wp\/v2\/users\/3"}],"replies":[{"embeddable":true,"href":"https:\/\/www.pgd-rakek.si\/index.php?rest_route=%2Fwp%2Fv2%2Fcomments&post=13439"}],"version-history":[{"count":2,"href":"https:\/\/www.pgd-rakek.si\/index.php?rest_route=\/wp\/v2\/posts\/13439\/revisions"}],"predecessor-version":[{"id":13450,"href":"https:\/\/www.pgd-rakek.si\/index.php?rest_route=\/wp\/v2\/posts\/13439\/revisions\/13450"}],"wp:attachment":[{"href":"https:\/\/www.pgd-rakek.si\/index.php?rest_route=%2Fwp%2Fv2%2Fmedia&parent=13439"}],"wp:term":[{"taxonomy":"category","embeddable":true,"href":"https:\/\/www.pgd-rakek.si\/index.php?rest_route=%2Fwp%2Fv2%2Fcategories&post=13439"},{"taxonomy":"post_tag","embeddable":true,"href":"https:\/\/www.pgd-rakek.si\/index.php?rest_route=%2Fwp%2Fv2%2Ftags&post=13439"}],"curies":[{"name":"wp","href":"https:\/\/api.w.org\/{rel}","templated":true}]}}