{"id":12986,"date":"2022-09-07T19:00:27","date_gmt":"2022-09-07T18:00:27","guid":{"rendered":"https:\/\/www.pgd-rakek.si\/?p=12986"},"modified":"2022-09-08T21:08:45","modified_gmt":"2022-09-08T20:08:45","slug":"srecanje-mladincev-34","status":"publish","type":"post","link":"https:\/\/www.pgd-rakek.si\/?p=12986","title":{"rendered":"Sre\u010danje mladincev"},"content":{"rendered":"\n\n\n<p style=\"text-align: justify\">Po poletnem odmoru se je rakov\u0161ka mladinska skupina zopet zbrala na prvih rednih tedenskih vajah v tem \u0161olskem letu. Po uvodnem \u010dvekanju kaj se je dogajalo otrokom skozi poletje, smo nato pre\u0161li na glavno to\u010dko dnevnega reda.<\/p>\n<p style=\"text-align: justify\">Mentor Sergej je pripravil predstavitev najve\u010djega po\u017eara na ozemlju Slovenije, ki se je odvijal letos julija na gori\u0161kem Krasu. Predstavil je nekaj splo\u0161nih podatkov, podal izku\u0161nje iz prve roke, saj se je ga\u0161enja udele\u017eil kar 4x in pokazal veliko zanimivih fotografij in film\u010dkov. \u010cas namenjen predstavitvi je bil skoraj prekratek, saj so imeli mladinci veliko vpra\u0161anj, ker so po\u017ear spremljali preko poro\u010dil in tudi v \u017eivo na morju.<\/p>\n<p>Konec pa je bil spet posve\u010den splo\u0161ni debati o dogajanju skozi poletje.<\/p>\n","protected":false},"excerpt":{"rendered":"<p>Po poletnem odmoru se je rakov\u0161ka mladinska skupina zopet zbrala na prvih rednih tedenskih vajah v tem \u0161olskem letu. Po uvodnem \u010dvekanju kaj se je dogajalo otrokom skozi poletje, smo nato pre\u0161li na glavno to\u010dko dnevnega reda. Mentor Sergej je pripravil predstavitev najve\u010djega po\u017eara na ozemlju Slovenije, ki se je odvijal letos julija na gori\u0161kem [&hellip;]<\/p>\n","protected":false},"author":7,"featured_media":0,"comment_status":"closed","ping_status":"closed","sticky":false,"template":"","format":"standard","meta":{"footnotes":""},"categories":[25,82],"tags":[],"class_list":["post-12986","post","type-post","status-publish","format-standard","hentry","category-mladina","category-mladina-2022"],"_links":{"self":[{"href":"https:\/\/www.pgd-rakek.si\/index.php?rest_route=\/wp\/v2\/posts\/12986","targetHints":{"allow":["GET"]}}],"collection":[{"href":"https:\/\/www.pgd-rakek.si\/index.php?rest_route=\/wp\/v2\/posts"}],"about":[{"href":"https:\/\/www.pgd-rakek.si\/index.php?rest_route=\/wp\/v2\/types\/post"}],"author":[{"embeddable":true,"href":"https:\/\/www.pgd-rakek.si\/index.php?rest_route=\/wp\/v2\/users\/7"}],"replies":[{"embeddable":true,"href":"https:\/\/www.pgd-rakek.si\/index.php?rest_route=%2Fwp%2Fv2%2Fcomments&post=12986"}],"version-history":[{"count":2,"href":"https:\/\/www.pgd-rakek.si\/index.php?rest_route=\/wp\/v2\/posts\/12986\/revisions"}],"predecessor-version":[{"id":12988,"href":"https:\/\/www.pgd-rakek.si\/index.php?rest_route=\/wp\/v2\/posts\/12986\/revisions\/12988"}],"wp:attachment":[{"href":"https:\/\/www.pgd-rakek.si\/index.php?rest_route=%2Fwp%2Fv2%2Fmedia&parent=12986"}],"wp:term":[{"taxonomy":"category","embeddable":true,"href":"https:\/\/www.pgd-rakek.si\/index.php?rest_route=%2Fwp%2Fv2%2Fcategories&post=12986"},{"taxonomy":"post_tag","embeddable":true,"href":"https:\/\/www.pgd-rakek.si\/index.php?rest_route=%2Fwp%2Fv2%2Ftags&post=12986"}],"curies":[{"name":"wp","href":"https:\/\/api.w.org\/{rel}","templated":true}]}}