{"id":12763,"date":"2022-06-06T20:30:44","date_gmt":"2022-06-06T19:30:44","guid":{"rendered":"https:\/\/www.pgd-rakek.si\/?p=12763"},"modified":"2022-06-09T20:48:46","modified_gmt":"2022-06-09T19:48:46","slug":"srecanje-clanic","status":"publish","type":"post","link":"https:\/\/www.pgd-rakek.si\/?p=12763","title":{"rendered":"Sre\u010danje \u010dlanic"},"content":{"rendered":"\n<p style=\"text-align: justify\">Za\u010detek tedna je prinesel tudi vaje \u010dlanic. Po (pre)dolgem \u010dasu se bo letos v tradicionalnem terminu odvilo tudi tekmovanje za \u010dlanice v Lazah, kamor zelo rade gremo. Da pa se izka\u017eemo, smo tako za\u010dele s prvimi vajami.<\/p>\n<p style=\"text-align: justify\"><a href=\"https:\/\/www.pgd-rakek.si\/wp-content\/uploads\/2022\/06\/286261006_1138946703338601_2161919252202060418_n.jpg\"><img loading=\"lazy\" decoding=\"async\" class=\"aligncenter wp-image-12764 size-medium\" src=\"https:\/\/www.pgd-rakek.si\/wp-content\/uploads\/2022\/06\/286261006_1138946703338601_2161919252202060418_n-300x300.jpg\" alt=\"\" width=\"300\" height=\"300\" srcset=\"https:\/\/www.pgd-rakek.si\/wp-content\/uploads\/2022\/06\/286261006_1138946703338601_2161919252202060418_n-300x300.jpg 300w, https:\/\/www.pgd-rakek.si\/wp-content\/uploads\/2022\/06\/286261006_1138946703338601_2161919252202060418_n-1024x1024.jpg 1024w, https:\/\/www.pgd-rakek.si\/wp-content\/uploads\/2022\/06\/286261006_1138946703338601_2161919252202060418_n-150x150.jpg 150w, https:\/\/www.pgd-rakek.si\/wp-content\/uploads\/2022\/06\/286261006_1138946703338601_2161919252202060418_n-768x768.jpg 768w, https:\/\/www.pgd-rakek.si\/wp-content\/uploads\/2022\/06\/286261006_1138946703338601_2161919252202060418_n-1536x1536.jpg 1536w, https:\/\/www.pgd-rakek.si\/wp-content\/uploads\/2022\/06\/286261006_1138946703338601_2161919252202060418_n-250x250.jpg 250w, https:\/\/www.pgd-rakek.si\/wp-content\/uploads\/2022\/06\/286261006_1138946703338601_2161919252202060418_n.jpg 1890w\" sizes=\"auto, (max-width: 300px) 100vw, 300px\" \/><\/a><\/p>\n","protected":false},"excerpt":{"rendered":"<p>Za\u010detek tedna je prinesel tudi vaje \u010dlanic. Po (pre)dolgem \u010dasu se bo letos v tradicionalnem terminu odvilo tudi tekmovanje za \u010dlanice v Lazah, kamor zelo rade gremo. Da pa se izka\u017eemo, smo tako za\u010dele s prvimi vajami.<\/p>\n","protected":false},"author":7,"featured_media":0,"comment_status":"closed","ping_status":"closed","sticky":false,"template":"","format":"standard","meta":{"footnotes":""},"categories":[5,83],"tags":[],"class_list":["post-12763","post","type-post","status-publish","format-standard","hentry","category-novice","category-novice-2022"],"_links":{"self":[{"href":"https:\/\/www.pgd-rakek.si\/index.php?rest_route=\/wp\/v2\/posts\/12763","targetHints":{"allow":["GET"]}}],"collection":[{"href":"https:\/\/www.pgd-rakek.si\/index.php?rest_route=\/wp\/v2\/posts"}],"about":[{"href":"https:\/\/www.pgd-rakek.si\/index.php?rest_route=\/wp\/v2\/types\/post"}],"author":[{"embeddable":true,"href":"https:\/\/www.pgd-rakek.si\/index.php?rest_route=\/wp\/v2\/users\/7"}],"replies":[{"embeddable":true,"href":"https:\/\/www.pgd-rakek.si\/index.php?rest_route=%2Fwp%2Fv2%2Fcomments&post=12763"}],"version-history":[{"count":2,"href":"https:\/\/www.pgd-rakek.si\/index.php?rest_route=\/wp\/v2\/posts\/12763\/revisions"}],"predecessor-version":[{"id":12767,"href":"https:\/\/www.pgd-rakek.si\/index.php?rest_route=\/wp\/v2\/posts\/12763\/revisions\/12767"}],"wp:attachment":[{"href":"https:\/\/www.pgd-rakek.si\/index.php?rest_route=%2Fwp%2Fv2%2Fmedia&parent=12763"}],"wp:term":[{"taxonomy":"category","embeddable":true,"href":"https:\/\/www.pgd-rakek.si\/index.php?rest_route=%2Fwp%2Fv2%2Fcategories&post=12763"},{"taxonomy":"post_tag","embeddable":true,"href":"https:\/\/www.pgd-rakek.si\/index.php?rest_route=%2Fwp%2Fv2%2Ftags&post=12763"}],"curies":[{"name":"wp","href":"https:\/\/api.w.org\/{rel}","templated":true}]}}