{"id":12471,"date":"2022-03-12T20:00:00","date_gmt":"2022-03-12T19:00:00","guid":{"rendered":"https:\/\/www.pgd-rakek.si\/?p=12471"},"modified":"2022-03-14T07:38:47","modified_gmt":"2022-03-14T06:38:47","slug":"obcni-zbor-2022","status":"publish","type":"post","link":"https:\/\/www.pgd-rakek.si\/?p=12471","title":{"rendered":"Ob\u010dni zbor 2022"},"content":{"rendered":"\n<p style=\"text-align: justify;\">V soboto 12. marca smo imeli v dru\u0161tvu redni letni ob\u010dni zbor. Po dveh letih prilagajanj ukrepom nam je uspelo ob\u010dni zbor speljati v redni obliki, \u010deprav nekoliko kasneje. Kljub \u0161tevilnim omejitvam je dru\u0161tvo v preteklem letu nanizalo veliko dogodkov, tako operativnih kot ostalih dejavnosti. Zaradi omejevanja \u0161tevila smo bili primorani zmanj\u0161ati \u0161tevilo povabljenih gostov znotraj sektorja. Glede na podana poro\u010dila so bili aktivni sekciji gasilske mladine, pri veteranih in \u010dlanicah ter v operativni enoti, kamor so se v preteklem letu pridru\u017eili tudi novi pripravniki.<\/p>\n<p><a href=\"https:\/\/www.pgd-rakek.si\/wp-content\/uploads\/2022\/03\/OZ-2022_foto-S-Trebec-1.jpg\"><img loading=\"lazy\" decoding=\"async\" class=\"size-medium wp-image-12475 aligncenter\" src=\"https:\/\/www.pgd-rakek.si\/wp-content\/uploads\/2022\/03\/OZ-2022_foto-S-Trebec-1-300x225.jpg\" alt=\"\" width=\"300\" height=\"225\" srcset=\"https:\/\/www.pgd-rakek.si\/wp-content\/uploads\/2022\/03\/OZ-2022_foto-S-Trebec-1-300x225.jpg 300w, https:\/\/www.pgd-rakek.si\/wp-content\/uploads\/2022\/03\/OZ-2022_foto-S-Trebec-1-250x188.jpg 250w, https:\/\/www.pgd-rakek.si\/wp-content\/uploads\/2022\/03\/OZ-2022_foto-S-Trebec-1-160x120.jpg 160w, https:\/\/www.pgd-rakek.si\/wp-content\/uploads\/2022\/03\/OZ-2022_foto-S-Trebec-1.jpg 747w\" sizes=\"auto, (max-width: 300px) 100vw, 300px\" \/><\/a><\/p>\n<p style=\"text-align: justify;\">Plani za teko\u010de koledarsko leto napovedujejo pestro dogajanje v vseh sekcijah dru\u0161tva, glavnina dejavnosti pa se bo vrtela okrog pridobitve in selitve v novi gasilski dom oziroma Dom za\u0161\u010dite in re\u0161evanja z medgeneracijskim centrom Rakek, kateri bo dru\u0161tvu prinesel ogromna zadovoljstva in uresni\u010ditev dolgoletnih sanj vseh aktivnih \u010dlanov, s tem pa tudi veliko dela in novih obveznosti. Kljub kopici dela, ki nas \u010daka z novo pridobitvijo se vsi \u010dlani dru\u0161tva \u017ee veselimo novih izzivov, katere bomo skupaj s krajani v novih prostorih nedvomno la\u017eje izpeljali.<\/p>\n","protected":false},"excerpt":{"rendered":"<p>V soboto 12. marca smo imeli v dru\u0161tvu redni letni ob\u010dni zbor. Po dveh letih prilagajanj ukrepom nam je uspelo ob\u010dni zbor speljati v redni obliki, \u010deprav nekoliko kasneje. Kljub \u0161tevilnim omejitvam je dru\u0161tvo v preteklem letu nanizalo veliko dogodkov, tako operativnih kot ostalih dejavnosti. Zaradi omejevanja \u0161tevila smo bili primorani zmanj\u0161ati \u0161tevilo povabljenih gostov [&hellip;]<\/p>\n","protected":false},"author":6,"featured_media":0,"comment_status":"closed","ping_status":"closed","sticky":false,"template":"","format":"standard","meta":{"footnotes":""},"categories":[5,83],"tags":[],"class_list":["post-12471","post","type-post","status-publish","format-standard","hentry","category-novice","category-novice-2022"],"_links":{"self":[{"href":"https:\/\/www.pgd-rakek.si\/index.php?rest_route=\/wp\/v2\/posts\/12471","targetHints":{"allow":["GET"]}}],"collection":[{"href":"https:\/\/www.pgd-rakek.si\/index.php?rest_route=\/wp\/v2\/posts"}],"about":[{"href":"https:\/\/www.pgd-rakek.si\/index.php?rest_route=\/wp\/v2\/types\/post"}],"author":[{"embeddable":true,"href":"https:\/\/www.pgd-rakek.si\/index.php?rest_route=\/wp\/v2\/users\/6"}],"replies":[{"embeddable":true,"href":"https:\/\/www.pgd-rakek.si\/index.php?rest_route=%2Fwp%2Fv2%2Fcomments&post=12471"}],"version-history":[{"count":4,"href":"https:\/\/www.pgd-rakek.si\/index.php?rest_route=\/wp\/v2\/posts\/12471\/revisions"}],"predecessor-version":[{"id":12477,"href":"https:\/\/www.pgd-rakek.si\/index.php?rest_route=\/wp\/v2\/posts\/12471\/revisions\/12477"}],"wp:attachment":[{"href":"https:\/\/www.pgd-rakek.si\/index.php?rest_route=%2Fwp%2Fv2%2Fmedia&parent=12471"}],"wp:term":[{"taxonomy":"category","embeddable":true,"href":"https:\/\/www.pgd-rakek.si\/index.php?rest_route=%2Fwp%2Fv2%2Fcategories&post=12471"},{"taxonomy":"post_tag","embeddable":true,"href":"https:\/\/www.pgd-rakek.si\/index.php?rest_route=%2Fwp%2Fv2%2Ftags&post=12471"}],"curies":[{"name":"wp","href":"https:\/\/api.w.org\/{rel}","templated":true}]}}